{"id":40,"date":"2015-02-05T00:01:00","date_gmt":"2015-02-05T02:01:00","guid":{"rendered":"https:\/\/blogs2.correiobraziliense.com.br\/vicente\/portas_continuam_abertas_a_corrupcao\/"},"modified":"2015-02-05T00:01:00","modified_gmt":"2015-02-05T02:01:00","slug":"portas_continuam_abertas_a_corrupcao","status":"publish","type":"post","link":"https:\/\/blogs2.correiobraziliense.com.br\/vicente\/portas_continuam_abertas_a_corrupcao\/","title":{"rendered":"PORTAS CONTINUAM ABERTAS \u00c0 CORRUP\u00c7\u00c3O"},"content":{"rendered":"\n<p>A presidente Dilma Rousseff \u00e9 um po\u00e7o de contradi\u00e7\u00f5es. No mesmo dia em que decidiu demitir a diretoria da Petrobras, mandou avisar aos partidos da base aliada que a porteira do governo estava aberta para a festa de nomea\u00e7\u00f5es no segundo e no terceiro escal\u00f5es. Ou seja, demostrou disposi\u00e7\u00e3o em tentar conter a roubalheira na maior empresa do pa\u00eds, mas escancarou as oportunidades para que pol\u00edticos sem escr\u00fapulos surrupiem dinheiro p\u00fablico. <\/p>\n<p>Dilma deveria usar o esc\u00e2ndalo da Petrobras para fazer uma mudan\u00e7a estrutural nas nomea\u00e7\u00f5es para \u00f3rg\u00e3os p\u00fablicos, sobretudo nas empresas estatais. N\u00e3o \u00e9 segredo para ningu\u00e9m que as companhias s\u00e3o, em grande maioria, mal administradas e seguem a pol\u00edtica de superfaturamento de contratos que se tornou rotina na petroleira. O enriquecimento il\u00edcito de dirigentes \u00e9 pratica comum, sem nenhum constrangimento. N\u00e3o \u00e0 toa, os pol\u00edticos se estapeiam por um cargo na dire\u00e7\u00e3o das empresas. <\/p>\n<p>A Petrobras \u00e9 a parte vis\u00edvel da roubalheira. Nas estatais que n\u00e3o ocupam manchetes nos jornais, o desvio de recursos p\u00fablicos corre solto. E continuar\u00e1 assim diante da decis\u00e3o de Dilma de liberar os partidos para nomear dirigentes de estatais. Nem os bancos p\u00fablicos escapar\u00e3o do rateio. Em vez da capacidade t\u00e9cnica para cargos t\u00e3o relevantes, prevalecer\u00e1 o quem indica. O atual governo, por sinal, s\u00f3 ampliou as oportunidades para os pol\u00edticos manterem firme a corrup\u00e7\u00e3o, ao criar v\u00e1rias empresas p\u00fablicas. Nenhuma delas, por sinal, justific\u00e1vel do ponto de vista econ\u00f4mico. <\/p>\n<p>A expectativa da equipe econ\u00f4mica \u00e9 de que Dilma acorde rapidamente e recue da decis\u00e3o de aparelhar as empresas estatais, especialmente as financeiras. No entender de t\u00e9cnicos graduados, de nada adianta fazer a limpeza da Petrobras, nomear executivos conceituados para arrumar a casa, mas o restante do governo estar contaminado pela corrup\u00e7\u00e3o. A mudan\u00e7a tem que ser geral. N\u00e3o se pode deixar focos de desvios de recursos prometendo \u00e0 sociedade n\u00e3o ser complacente com malfeitos. <\/p>\n<p>&nbsp;\u201cO aparelhamento do governo \u00e9 inaceit\u00e1vel. Sabemos que a presidente Dilma precisa de apoio pol\u00edtico no Congresso Nacional para aprovar projetos importantes para o pa\u00eds. Mas escancarar as portas \u00e0s nomea\u00e7\u00f5es \u00e9 um equ\u00edvoco\u201d, diz uma fonte graduada da Esplanada dos Minist\u00e9rios. \u201cTodo cuidado \u00e9 pouco, ainda mais por sabermos que outras den\u00fancias de corrup\u00e7\u00e3o est\u00e3o por vir. O esc\u00e2ndalo que estamos vendo n\u00e3o se restringir\u00e1 \u00e0 Petrobras\u201d, acrescenta. <\/p>\n<p>Longe das p\u00e1ginas policiais <\/p>\n<p>O governo espera tirar grande proveito da indica\u00e7\u00e3o do sucessor de Gra\u00e7a Foster na Presid\u00eancia da Petrobras. A avalia\u00e7\u00e3o \u00e9 de que o desgaste com a ren\u00fancia coletiva de dirigentes da companhia ser\u00e1 compensado com a escolha de um \u00f3timo executivo, que ter\u00e1 a miss\u00e3o de tirar a petroleira das p\u00e1ginas policiais. Auxiliares da presidente Dilma garantem que ela est\u00e1 disposta a surpreender os mais descrentes de que, finalmente, compreendeu a urg\u00eancia de limpar a companhia que j\u00e1 foi orgulho nacional e hoje \u00e9 vista como s\u00edmbolo da corrup\u00e7\u00e3o. <\/p>\n<p>Tens\u00e3o entre terceirizados <\/p>\n<p>\u00bb Os mais de 300 mil funcion\u00e1rios terceirizados da Petrobras est\u00e3o em alerta. H\u00e1 o temor generalizado de demiss\u00f5es assim que a futura diretoria da empresa tomar posse. Essa perspectiva j\u00e1 estava se desenhando com Gra\u00e7a Foster no comando da companhia. Agora, quando se fala em readequa\u00e7\u00e3o do tamanho da petroleira, ningu\u00e9m acredita que esse pelot\u00e3o de empregados ser\u00e1 necess\u00e1rio. <\/p>\n<p>A sova da infla\u00e7\u00e3o <\/p>\n<p>\u00bb Apesar da confian\u00e7a no aval dos investidores para o nome do futuro presidente da Petrobras, o governo est\u00e1 se preparando para tomar mais uma sova amanh\u00e3. O Instituto Brasileiro de Geografia e Estat\u00edstica (IBGE) divulgar\u00e1 a primeira infla\u00e7\u00e3o de Joaquim Levy \u00e0 frente do Minist\u00e9rio da Fazenda. A proje\u00e7\u00e3o do mercado aponta para um \u00edndice de 1,24% em janeiro. Se confirmado, ser\u00e1 a maior taxa desde fevereiro de 2003, quando cravou 1,57%. Em 12 meses, o IPCA ficar\u00e1 em 7,14%. <\/p>\n<p>Carestia de assustar <\/p>\n<p>\u00bb Chama a aten\u00e7\u00e3o dos analistas o fato de a infla\u00e7\u00e3o anualizada estar em 16%. Trata-se de uma taxa vista somente no in\u00edcio do primeiro mandato de Lula, quando o mercado ainda estava tomado pela desconfian\u00e7a do que seria um governo PT. A expectativa da equipe econ\u00f4mica \u00e9 de que, no segundo semestre, se confirmem as previs\u00f5es do Banco Central, de \u00edndices mais compat\u00edveis com as metas. <\/p>\n<p>Aposta sobre juros <\/p>\n<p>\u00bb A maior parte dos investidores continua apostando em alta de 0,50 ponto percentual na taxa b\u00e1sica de juros (Selic) em mar\u00e7o. Para o economista-chefe da INVX Partners, Eduardo Velho, esse quadro mudar\u00e1 \u00e0 medida que forem saindo os dados sobre a atividade. <\/p>\n<p>\u00c0 espera do banho <\/p>\n<p>\u00bb Indicado h\u00e1 mais de um m\u00eas para a chefia da Secretaria de Pol\u00edtica Econ\u00f4mica do Minist\u00e9rio da Fazenda, o economista Afonso Arinos Melo de Franco Neto n\u00e3o foi nomeado. Seu nome ainda n\u00e3o passou pelo \u201cbanho\u201d da Casa Civil. <\/p>\n<p>Sub j\u00e1 escolhido <\/p>\n<p>\u00bb Assim que for nomeado para a Secretaria de Pol\u00edtica Econ\u00f4mica, Afonso Arinos indicar\u00e1 como seu adjunto Fernando de Holanda Barbosa Filho, cujo pai j\u00e1 passou pelo \u00f3rg\u00e3o. <\/p>\n<p>Bras\u00edlia, 00h01min   <\/p>\n","protected":false},"excerpt":{"rendered":"<p>A presidente Dilma Rousseff \u00e9 um po\u00e7o de contradi\u00e7\u00f5es. No mesmo dia em que decidiu demitir a diretoria da Petrobras, mandou avisar aos partidos da base aliada que a porteira do governo estava aberta para a festa de nomea\u00e7\u00f5es no segundo e no terceiro escal\u00f5es. Ou seja, demostrou disposi\u00e7\u00e3o em tentar conter a roubalheira na [&hellip;]<\/p>\n","protected":false},"author":22,"featured_media":0,"comment_status":"open","ping_status":"open","sticky":false,"template":"","format":"standard","meta":{"wpb_read_more":[],"footnotes":""},"categories":[1],"tags":[],"class_list":["post-40","post","type-post","status-publish","format-standard","hentry","category-sem-categoria"],"_links":{"self":[{"href":"https:\/\/blogs2.correiobraziliense.com.br\/vicente\/wp-json\/wp\/v2\/posts\/40","targetHints":{"allow":["GET"]}}],"collection":[{"href":"https:\/\/blogs2.correiobraziliense.com.br\/vicente\/wp-json\/wp\/v2\/posts"}],"about":[{"href":"https:\/\/blogs2.correiobraziliense.com.br\/vicente\/wp-json\/wp\/v2\/types\/post"}],"author":[{"embeddable":true,"href":"https:\/\/blogs2.correiobraziliense.com.br\/vicente\/wp-json\/wp\/v2\/users\/22"}],"replies":[{"embeddable":true,"href":"https:\/\/blogs2.correiobraziliense.com.br\/vicente\/wp-json\/wp\/v2\/comments?post=40"}],"version-history":[{"count":0,"href":"https:\/\/blogs2.correiobraziliense.com.br\/vicente\/wp-json\/wp\/v2\/posts\/40\/revisions"}],"wp:attachment":[{"href":"https:\/\/blogs2.correiobraziliense.com.br\/vicente\/wp-json\/wp\/v2\/media?parent=40"}],"wp:term":[{"taxonomy":"category","embeddable":true,"href":"https:\/\/blogs2.correiobraziliense.com.br\/vicente\/wp-json\/wp\/v2\/categories?post=40"},{"taxonomy":"post_tag","embeddable":true,"href":"https:\/\/blogs2.correiobraziliense.com.br\/vicente\/wp-json\/wp\/v2\/tags?post=40"}],"curies":[{"name":"wp","href":"https:\/\/api.w.org\/{rel}","templated":true}]}}