{"id":41,"date":"2015-02-06T00:01:00","date_gmt":"2015-02-06T02:01:00","guid":{"rendered":"https:\/\/blogs2.correiobraziliense.com.br\/vicente\/descaso_ditatorial\/"},"modified":"2015-02-06T00:01:00","modified_gmt":"2015-02-06T02:01:00","slug":"descaso_ditatorial","status":"publish","type":"post","link":"https:\/\/blogs2.correiobraziliense.com.br\/vicente\/descaso_ditatorial\/","title":{"rendered":"DESCASO DITATORIAL"},"content":{"rendered":"\n<p>A forma como vem conduzindo a escolha do futuro presidente da Petrobras d\u00e1 a exata dimens\u00e3o do descaso do governo com os acionistas da estatal. Mesmo com o Tesouro Nacional sendo dono de apenas 40% do capital social da companhia, em nenhum momento o Pal\u00e1cio do Planalto preocupou-se em convocar os grandes detentores de a\u00e7\u00f5es da empresa para ouvir sugest\u00f5es sobre a substitui\u00e7\u00e3o de Gra\u00e7a Foster e dos cinco diretores que renunciaram aos cargos. <\/p>\n<p>\u201cA impress\u00e3o \u00e9 de que o Estado \u00e9 dono de 100% da companhia e n\u00e3o deve prestar contas a ningu\u00e9m. N\u00e3o \u00e9 bem assim. \u00c9 somente o controlador\u201d, afirma um dos principais acionistas minorit\u00e1rios da Petrobras. Para ele, o governo n\u00e3o pode se lembrar dos demais s\u00f3cios da petroleira apenas quando precisa de dinheiro. \u201c\u00c9 importante nos ouvir tamb\u00e9m quando h\u00e1 problemas. O interesse de todos \u00e9 de preservar a companhia. Ningu\u00e9m quer ver o seu patrim\u00f4nio virar p\u00f3, como est\u00e1 ocorrendo\u201d, acrescenta. <\/p>\n<p>A maior queixa em rela\u00e7\u00e3o ao descaso do governo vem dos acionistas estrangeiros da Petrobras, que, juntos, det\u00eam a mesma quantidade do capital social da estatal que est\u00e1 nas m\u00e3os do Tesouro Nacional \u2014 40%. Muitos compraram a\u00e7\u00f5es da empresa acreditando no discurso governamental de que a petroleira seria uma pot\u00eancia nos pr\u00f3ximos anos, devido \u00e0 descoberta das reservas do pr\u00e9-sal. <\/p>\n<p>O que se descobriu, por\u00e9m, foi uma companhia mal administrada, rateada entre partidos pol\u00edticos, tragada pela corrup\u00e7\u00e3o e com sua maior promessa correndo risco de ficar nas profundezas do mar por inviabilidade na explora\u00e7\u00e3o. Com o pre\u00e7o do barril de petr\u00f3leo abaixo de US$ 50, n\u00e3o h\u00e1 como viabilizar o pr\u00e9-sal. \u201cN\u00e3o \u00e0 toa, v\u00e1rios estrangeiros entraram na Justi\u00e7a dos Estados Unidos alegando terem sido enganados\u201d, reconhece um t\u00e9cnico da equipe econ\u00f4mica. <\/p>\n<p> Tamb\u00e9m os fundos de pens\u00e3o e os bancos que administram fundo de a\u00e7\u00f5es da Petrobras reclamam da postura do governo. Assinalam que, se realmente quisesse salvar a estatal, a presidente Dilma teria optado por um pacto com os acionistas, no sentido de construir um processo de governan\u00e7a que realmente resgatasse a credibilidade da companhia. \u201cCom certeza, os acionistas teriam \u00f3timas dicas a dar ao governo, inclusive nomes respeitados para limpar a Petrobras\u201d, diz um executivo de banco. <\/p>\n<p>A sensa\u00e7\u00e3o entre os acionistas minorit\u00e1rios \u00e9 de que, independentemente da pessoa escolhida para comandar a petroleira, as perspectivas para a empresa n\u00e3o s\u00e3o as melhores. O pre\u00e7o do petr\u00f3leo caiu, prejudicando v\u00e1rios projetos, o pr\u00e9-sal ganhou importantes concorrentes, como o g\u00e1s de xisto nos Estados Unidos, e o plano de neg\u00f3cios est\u00e1 fora da realidade. \u201cA situa\u00e7\u00e3o da Petrobras ainda vai piorar muito. A empresa est\u00e1 consumida pela roubalheira, que continuou correndo solta mesmo depois do in\u00edcio da Opera\u00e7\u00e3o Lava-Jato. Uma pena\u201d, frisa um respeitado funcion\u00e1rio p\u00fablico. <\/p>\n<p>Estranheza na Esplanada <\/p>\n<p>Causou surpresa no governo a sa\u00edda de Carlos Hamilton Ara\u00fajo da diretoria de Pol\u00edtica Econ\u00f4mica do Banco Central. N\u00e3o era segredo para ningu\u00e9m que o desligamento dele era quest\u00e3o de tempo. Mas ningu\u00e9m esperava que o t\u00e9cnico que mais pregava o combate \u00e0 infla\u00e7\u00e3o fosse substitu\u00eddo um dia antes de o Instituto Brasileiro de Geografia e Estat\u00edstica (IBGE) mostrar que o custo de vida atingiu um n\u00edvel alarmante. O \u00cdndice de Pre\u00e7os ao Consumidor Amplo (IPCA) de janeiro deve cravar 1,24%, o pior resultado desde fevereiro de 2003. Em 12 meses, a taxa ficar\u00e1 bem acima de 7%. <\/p>\n<p>Para evitar ru\u00eddos, o BC tratou de difundir a vis\u00e3o de que tanto o substituto de Hamilton, Luiz Awazu Pereira, quanto o novo diretor da Assuntos Internacionais, Tony Volpon, s\u00e3o extremamente r\u00edgidos quando o tema \u00e9 infla\u00e7\u00e3o. E est\u00e3o imbu\u00eddos da miss\u00e3o de levar o IPCA para o centro da meta, de 4,5%, ao longo de 2016. <\/p>\n<p>Embate ideol\u00f3gico <\/p>\n<p>\u00bb Carlos Hamilton vinha negociando deixar o Banco Central h\u00e1 mais de um ano. Mas sempre foi convencido pelo presidente da institui\u00e7\u00e3o, Alexandre Tombini, a ficar no cargo como forma de mostrar unidade na diretoria. O discurso de Hamilton sobre a necessidade de manter a infla\u00e7\u00e3o sob controle nunca foi bem-visto no Pal\u00e1cio do Planalto. <\/p>\n<p>Por enquanto, f\u00e9rias <\/p>\n<p>\u00bb Assim que deixar o Banco Central, Carlos Hamilton entrar\u00e1 em f\u00e9rias. Diz que pretende descansar, depois de cinco anos comandando a principal diretoria da autoridade monet\u00e1ria. Com o tempo, decidir\u00e1 o futuro. Se quiser migrar para a iniciativa privada, ter\u00e1 que pedir demiss\u00e3o oficial do BC, onde \u00e9 t\u00e9cnico de carreira. N\u00e3o faltar\u00e3o convites. Tempos atr\u00e1s, foi sondado pelo Ita\u00fa Unibanco. <\/p>\n<p>Rumo dos juros <\/p>\n<p>\u00bb Assim que as mudan\u00e7as na diretoria do BC foram anunciadas, o mercado passou a apostar, com maior vigor, que o Comit\u00ea de Pol\u00edtica Monet\u00e1ria encerrar\u00e1 o aumento da taxa b\u00e1sica de juros em mar\u00e7o, com uma \u00faltima alta de 0,25 ponto percentual, para 12,50%. <\/p>\n<p>Desemprego chegando <\/p>\n<p> \u00bb N\u00e3o est\u00e1 f\u00e1cil a vida dos brasileiros. A cada dia,&nbsp; surpreendem-se com uma not\u00edcia ruim por parte do governo, sobretudo quando o assunto \u00e9 energia el\u00e9trica. Mas o pior est\u00e1 por vir: o desemprego. T\u00e9cnicos da equipe econ\u00f4mica admitem que o aumento das demiss\u00f5es nos pr\u00f3ximos meses \u00e9 inevit\u00e1vel. <\/p>\n<p>Bras\u00edlia, 00h01min   <\/p>\n","protected":false},"excerpt":{"rendered":"<p>A forma como vem conduzindo a escolha do futuro presidente da Petrobras d\u00e1 a exata dimens\u00e3o do descaso do governo com os acionistas da estatal. Mesmo com o Tesouro Nacional sendo dono de apenas 40% do capital social da companhia, em nenhum momento o Pal\u00e1cio do Planalto preocupou-se em convocar os grandes detentores de a\u00e7\u00f5es [&hellip;]<\/p>\n","protected":false},"author":22,"featured_media":0,"comment_status":"open","ping_status":"open","sticky":false,"template":"","format":"standard","meta":{"wpb_read_more":[],"footnotes":""},"categories":[1],"tags":[],"class_list":["post-41","post","type-post","status-publish","format-standard","hentry","category-sem-categoria"],"_links":{"self":[{"href":"https:\/\/blogs2.correiobraziliense.com.br\/vicente\/wp-json\/wp\/v2\/posts\/41","targetHints":{"allow":["GET"]}}],"collection":[{"href":"https:\/\/blogs2.correiobraziliense.com.br\/vicente\/wp-json\/wp\/v2\/posts"}],"about":[{"href":"https:\/\/blogs2.correiobraziliense.com.br\/vicente\/wp-json\/wp\/v2\/types\/post"}],"author":[{"embeddable":true,"href":"https:\/\/blogs2.correiobraziliense.com.br\/vicente\/wp-json\/wp\/v2\/users\/22"}],"replies":[{"embeddable":true,"href":"https:\/\/blogs2.correiobraziliense.com.br\/vicente\/wp-json\/wp\/v2\/comments?post=41"}],"version-history":[{"count":0,"href":"https:\/\/blogs2.correiobraziliense.com.br\/vicente\/wp-json\/wp\/v2\/posts\/41\/revisions"}],"wp:attachment":[{"href":"https:\/\/blogs2.correiobraziliense.com.br\/vicente\/wp-json\/wp\/v2\/media?parent=41"}],"wp:term":[{"taxonomy":"category","embeddable":true,"href":"https:\/\/blogs2.correiobraziliense.com.br\/vicente\/wp-json\/wp\/v2\/categories?post=41"},{"taxonomy":"post_tag","embeddable":true,"href":"https:\/\/blogs2.correiobraziliense.com.br\/vicente\/wp-json\/wp\/v2\/tags?post=41"}],"curies":[{"name":"wp","href":"https:\/\/api.w.org\/{rel}","templated":true}]}}