{"id":412,"date":"2016-01-23T08:06:31","date_gmt":"2016-01-23T10:06:31","guid":{"rendered":"https:\/\/blogs2.correiobraziliense.com.br\/vicente\/?p=412"},"modified":"2016-01-23T08:06:31","modified_gmt":"2016-01-23T10:06:31","slug":"quadro-perturbador","status":"publish","type":"post","link":"https:\/\/blogs2.correiobraziliense.com.br\/vicente\/quadro-perturbador\/","title":{"rendered":"QUADRO PERTURBADOR"},"content":{"rendered":"<p>A diretoria do Banco Central est\u00e1 ciente de que levar\u00e1 tempo para recuperar o voto de confian\u00e7a dos agentes econ\u00f4micos. E conta com o governo para que o desgaste sofrido pela institui\u00e7\u00e3o, depois de um pronunciamento desastroso do presidente do banco, Alexandre Tombini, n\u00e3o se torne um problema ainda maior.<\/p>\n<p>&nbsp;<\/p>\n<p>H\u00e1 duas preocupa\u00e7\u00f5es no radar do BC: o pacote de medidas que ser\u00e1 anunciado na pr\u00f3xima quinta-feira, 28, pela presidente Dilma Rousseff e o ajuste fiscal prometido pelo ministro da Fazenda, Nelson Barbosa. Teme-se que os prometidos est\u00edmulos \u00e0 economia repitam os erros do primeiro mandato e inviabilizem de vez a arruma\u00e7\u00e3o das contas p\u00fablicas.<\/p>\n<p>&nbsp;<\/p>\n<p>Com a pol\u00edtica monet\u00e1ria sob descr\u00e9dito, admite o BC, o ideal \u00e9 que o Planalto n\u00e3o provoque mais ru\u00eddos at\u00e9 a poeira assentar. Para o grupo chefiado por Tombini, os investidores acabar\u00e3o dando raz\u00e3o \u00e0 manuten\u00e7\u00e3o da taxa b\u00e1sica de juros (Selic) em 14,25%, e o vexame ao qual se submeteu o presidente da institui\u00e7\u00e3o ser\u00e1 passado.<\/p>\n<p>&nbsp;<\/p>\n<p>A ordem no BC \u00e9 assegurar a unidade entre os diretores. A maior parte deles n\u00e3o foi avisada, previamente, sobre a decis\u00e3o de Tombini de soltar uma nota no primeiro dia da reuni\u00e3o do Comit\u00ea de Pol\u00edtica Monet\u00e1ria (Copom) indicando que os juros poderiam n\u00e3o subir por causa do quadro dram\u00e1tico da economia tra\u00e7ado pelo Fundo Monet\u00e1rio Internacional (FMI). Somente o diretor de Fiscaliza\u00e7\u00e3o, Anthero Meirelles, foi consultado e ajudou a redigir o comunicado da disc\u00f3rdia.<\/p>\n<p>&nbsp;<\/p>\n<p>H\u00e1 tamb\u00e9m vis\u00f5es contradit\u00f3rias entre o presidente do BC e o diretor de Assuntos Internacionais, Tony Volpon. Os dois estiveram juntos na reuni\u00e3o dos bancos centrais na Basileia, Su\u00ed\u00e7a, na qual Tombini diz ter ouvido perspectivas horrorosas para a economia mundial. Volpon retornou ao Brasil convencido de que o humor dos dirigentes de BCs estava melhor que o esperado. Tanto que ele votou pela alta de 0,5 ponto percentual na Selic, movimento que era esperado pelo mercado.<\/p>\n<p>&nbsp;<\/p>\n<p><strong>Cavalo de pau<\/strong><\/p>\n<p>&nbsp;<\/p>\n<p>Dentro do BC, o que mais se ouve para justificar o cavalo de pau na pol\u00edtica monet\u00e1ria \u00e9 que \u201cestamos diante de um quadro perturbador\u201d. Na vis\u00e3o de integrantes da institui\u00e7\u00e3o, o Brasil \u00e9 hoje um \u00f4nibus sem dire\u00e7\u00e3o, que precisa de um freio de arruma\u00e7\u00e3o para que, depois da chacoalhada, abra espa\u00e7o para a retomada da confian\u00e7a. S\u00f3 assim o empresariado voltar\u00e1 a investir e as fam\u00edlias, a consumirem.<\/p>\n<p>&nbsp;<\/p>\n<p>O BC reconhece que o caminho no qual o pa\u00eds se embrenhou \u00e9 muito estreito, sem espa\u00e7o para erros. E isso vale para a pol\u00edtica monet\u00e1ria. Segundo o banco, com a manuten\u00e7\u00e3o dos juros, ganhou-se um tempo precioso para ver qual \u00e9 o tamanho do fundo do po\u00e7o que a economia atingir\u00e1 neste primeiro trimestre do ano, que tende a ser desastroso. O desemprego vai disparar e a infla\u00e7\u00e3o ainda se manter\u00e1 acima de 10% no acumulado de 12 meses.<\/p>\n<p>&nbsp;<\/p>\n<p>Mesmo com todo esse cen\u00e1rio desconfort\u00e1vel e de extrema desconfian\u00e7a, o BC garante que n\u00e3o mudar\u00e1 a linguagem na comunica\u00e7\u00e3o com o mercado. Assegurar\u00e1 que se mant\u00e9m \u201cvigilante\u201d em rela\u00e7\u00e3o \u00e0 infla\u00e7\u00e3o e que \u201cfar\u00e1 o necess\u00e1rio\u201d para que o \u00cdndice de Pre\u00e7os ao Consumidor Amplo (IPCA) feche 2016 abaixo do teto da meta, de 6,5%, e convirja para 4,5% at\u00e9 o fim de 2017. Esse compromisso, garante a autoridade monet\u00e1ria, est\u00e1 mantido. E dever\u00e1 ser comprado pelos investidores j\u00e1 no segundo trimestre do ano, quando o custo de vida estar\u00e1 \u201cdesabando\u201d.<\/p>\n<p>&nbsp;<\/p>\n<p><strong>Mentira<\/strong><\/p>\n<p>&nbsp;<\/p>\n<p>O trabalho de comunica\u00e7\u00e3o do BC passa, por\u00e9m, pelo compromisso com a verdade. A institui\u00e7\u00e3o, assim como o Pal\u00e1cio do Planalto, mentiu descaradamente que Alexandre Tombini n\u00e3o havia se encontrado com a presidente Dilma na noite de segunda-feira, v\u00e9spera da reuni\u00e3o do Copom. Pois ontem a pr\u00f3pria Dilma confirmou que se encontrou com Tombini e o ministro da Fazenda naquele dia. N\u00e3o \u00e9 negando a verdade que uma institui\u00e7\u00e3o se fortalece. Muito pelo contr\u00e1rio.<\/p>\n<p>&nbsp;<\/p>\n<p><em>Bras\u00edlia, 08h06min\u00a0<\/em><\/p>\n","protected":false},"excerpt":{"rendered":"<p>A diretoria do Banco Central est\u00e1 ciente de que levar\u00e1 tempo para recuperar o voto de confian\u00e7a dos agentes econ\u00f4micos. E conta com o governo para que o desgaste sofrido pela institui\u00e7\u00e3o, depois de um pronunciamento desastroso do presidente do banco, Alexandre Tombini, n\u00e3o se torne um problema ainda maior. &nbsp; H\u00e1 duas preocupa\u00e7\u00f5es no [&hellip;]<\/p>\n","protected":false},"author":22,"featured_media":0,"comment_status":"open","ping_status":"closed","sticky":false,"template":"","format":"standard","meta":{"wpb_read_more":[],"footnotes":""},"categories":[1],"tags":[],"class_list":["post-412","post","type-post","status-publish","format-standard","hentry","category-sem-categoria"],"_links":{"self":[{"href":"https:\/\/blogs2.correiobraziliense.com.br\/vicente\/wp-json\/wp\/v2\/posts\/412","targetHints":{"allow":["GET"]}}],"collection":[{"href":"https:\/\/blogs2.correiobraziliense.com.br\/vicente\/wp-json\/wp\/v2\/posts"}],"about":[{"href":"https:\/\/blogs2.correiobraziliense.com.br\/vicente\/wp-json\/wp\/v2\/types\/post"}],"author":[{"embeddable":true,"href":"https:\/\/blogs2.correiobraziliense.com.br\/vicente\/wp-json\/wp\/v2\/users\/22"}],"replies":[{"embeddable":true,"href":"https:\/\/blogs2.correiobraziliense.com.br\/vicente\/wp-json\/wp\/v2\/comments?post=412"}],"version-history":[{"count":1,"href":"https:\/\/blogs2.correiobraziliense.com.br\/vicente\/wp-json\/wp\/v2\/posts\/412\/revisions"}],"predecessor-version":[{"id":413,"href":"https:\/\/blogs2.correiobraziliense.com.br\/vicente\/wp-json\/wp\/v2\/posts\/412\/revisions\/413"}],"wp:attachment":[{"href":"https:\/\/blogs2.correiobraziliense.com.br\/vicente\/wp-json\/wp\/v2\/media?parent=412"}],"wp:term":[{"taxonomy":"category","embeddable":true,"href":"https:\/\/blogs2.correiobraziliense.com.br\/vicente\/wp-json\/wp\/v2\/categories?post=412"},{"taxonomy":"post_tag","embeddable":true,"href":"https:\/\/blogs2.correiobraziliense.com.br\/vicente\/wp-json\/wp\/v2\/tags?post=412"}],"curies":[{"name":"wp","href":"https:\/\/api.w.org\/{rel}","templated":true}]}}