{"id":417,"date":"2016-01-28T08:30:09","date_gmt":"2016-01-28T10:30:09","guid":{"rendered":"https:\/\/blogs2.correiobraziliense.com.br\/vicente\/?p=417"},"modified":"2016-01-28T11:51:39","modified_gmt":"2016-01-28T13:51:39","slug":"brasil-do-engodo","status":"publish","type":"post","link":"https:\/\/blogs2.correiobraziliense.com.br\/vicente\/brasil-do-engodo\/","title":{"rendered":"BRASIL DO ENGODO"},"content":{"rendered":"<p>O governo est\u00e1 propagandeando o renascimento, hoje, do Conselho de Desenvolvimento Econ\u00f4mico e Social, o Conselh\u00e3o, como um marco na virada da pol\u00edtica econ\u00f4mica. H\u00e1 pelo menos duas semanas, assessores da presidente Dilma Rousseff v\u00eam tentando catequizar empres\u00e1rios e investidores de que, agora, o compromisso com a retomada do crescimento do pa\u00eds \u00e9 para valer. N\u00e3o h\u00e1 como isso acontecer. A velha Dilma est\u00e1 mais presente do que nunca, com suas ideias atrasadas, que s\u00f3 ampliam as incertezas.<\/p>\n<p>&nbsp;<\/p>\n<p>O fiasco est\u00e1 t\u00e3o claro, que, de \u00faltima hora, o Pal\u00e1cio do Planalto decidiu que o encontro ser\u00e1 fechado \u00e0 imprensa. T\u00e9cnicos da equipe do ministro da Fazenda, Nelson Barbosa, que ser\u00e1 o porta-voz das supostas boas not\u00edcias, n\u00e3o se surpreendem com a falta de transpar\u00eancia e admitem que ser\u00e1 tudo mais do mesmo. Uma ou outra coisa, se realmente houver boa vontade do governo, poder\u00e1 sair do papel. Nada, por\u00e9m, com for\u00e7a suficiente para inverter a rota do desastre na qual a atividade se encontra. Pacotes mirabolantes perderam a efic\u00e1cia h\u00e1 muito tempo. E j\u00e1 n\u00e3o enganam mais ningu\u00e9m, por melhores que sejam as embalagens.<\/p>\n<p>&nbsp;<\/p>\n<p>O que se ouve no governo \u00e9 que a retomada do Conselh\u00e3o e as medidas de incentivos \u00e0 economia, que devem envolver pelo menos R$ 55 bilh\u00f5es em cr\u00e9ditos, t\u00eam mais interesses pol\u00edticos do que econ\u00f4micos. Na verdade, Dilma tentar\u00e1, com o pacote, mostrar para as bases pol\u00edticas que est\u00e1 viva e disposta a dar uma dire\u00e7\u00e3o mais positiva \u00e0 economia. Com isso, espera enterrar o mais rapidamente poss\u00edvel no Congresso o processo de impeachment, al\u00e9m de ganhar musculatura para aprovar pelo menos a CPMF, j\u00e1 que a prometida reforma da Previd\u00eancia Social ficar\u00e1 mesmo na promessa.<\/p>\n<p>&nbsp;<\/p>\n<p><strong>Falta de lideran\u00e7a<\/strong><\/p>\n<p>&nbsp;<\/p>\n<p>O des\u00e2nimo com o governo \u00e9 tamanho que h\u00e1 investidores dizendo que, diante do que ser\u00e1 este ano, muita gente sentir\u00e1 saudades de 2015. A justificativa \u00e9 a falta de lideran\u00e7a no pa\u00eds. Dilma est\u00e1 completamente perdida. Sua \u00fanica preocupa\u00e7\u00e3o \u00e9 com a sobreviv\u00eancia at\u00e9 2018. \u201cO quadro atual \u00e9 de desgoverno\u201d, diz um t\u00e9cnico do alto escal\u00e3o. \u201cEnquanto ficam dispendendo energia para apresentar medidas que n\u00e3o dar\u00e3o resultado, a popula\u00e7\u00e3o sofre. Veja o caso dos peritos do INSS (Instituto Nacional do Seguro Social). Nenhuma voz gabaritada saiu at\u00e9 agora em defesa dos segurados\u201d, acrescenta.<\/p>\n<p>&nbsp;<\/p>\n<p>Para um ministro do PMDB, se est\u00e1 ruim agora, pode piorar, pois h\u00e1 o risco de o governo descambar de vez para o populismo, caso Dilma seja obrigada a se apoiar nos movimentos sociais para se proteger em caso de pris\u00e3o do ex-presidente Lula. As investiga\u00e7\u00f5es da Lava-Jato est\u00e3o cada vez mais pr\u00f3ximas do l\u00edder petista, ao qual a chefe do Executivo recorre em momentos de dificuldades, sobretudo quando o PT comanda rebeli\u00f5es.<\/p>\n<p>&nbsp;<\/p>\n<p>\u201cN\u00e3o ser\u00e3o o Conselh\u00e3o e os pacotes de est\u00edmulo ao endividamento que mudar\u00e3o o clima no pa\u00eds. A crise pol\u00edtica continua latente e pode atingir seu \u00e1pice se Lula for preso. Na economia, o ritmo \u00e9 de ladeira abaixo\u201d, frisa o ministro. Ele admite que, nem com muita boa vontade, o empresariado com o qual Dilma se reunir\u00e1 hoje anunciar\u00e1 tr\u00e9gua e voltar\u00e1 a investir para criar empregos e ampliar a renda. Os problemas do pa\u00eds s\u00e3o enormes. Quando se olha para a frente, tudo est\u00e1 nebuloso. A cada dia, em vez de se fortalecer, o governo se esvai.<\/p>\n<p>&nbsp;<\/p>\n<p><strong>Clima de fim de festa<\/strong><\/p>\n<p>&nbsp;<\/p>\n<p>No Planalto, assessores de Dilma reconhecem que a situa\u00e7\u00e3o de Lula \u00e9 \u201cgrave\u201d. A determina\u00e7\u00e3o, contudo, \u00e9 para se criar e\u00a0 fatos positivos a fim de minimizar as novas den\u00fancias da Lava-Jato e mostrar que o governo n\u00e3o est\u00e1 paralisado. \u201cMas ser\u00e1 dif\u00edcil. A percep\u00e7\u00e3o entre os agentes econ\u00f4micos e a popula\u00e7\u00e3o \u00e9 de que estamos em fim de festa, em que somente a corrup\u00e7\u00e3o consegue ir \u00e0 frente, impass\u00edvel\u201d, afirma um funcion\u00e1rio do Banco Central. \u201cO pior \u00e9 que n\u00e3o est\u00e1 sobrando nada. At\u00e9 a credibilidade do BC foi para o espa\u00e7o\u201d, emenda.<\/p>\n<p>&nbsp;<\/p>\n<p>A tend\u00eancia, acrescenta o t\u00e9cnico do BC, \u00e9 de o pa\u00eds continuar colecionando recordes, ou seja, a pior taxa de desemprego, o maior deficit fiscal, a infla\u00e7\u00e3o mais elevada. \u201cTudo sempre \u00e9 o pior desde n\u00e3o sei quando. Isso s\u00f3 comprova como muita coisa est\u00e1 errada\u201d, afirma. Para ele, no Brasil do engodo tornou-se rotina ter medo do futuro. E a popula\u00e7\u00e3o que se vire.<\/p>\n<p>&nbsp;<\/p>\n<p><em>Bras\u00edlia, 08h30min<\/em><\/p>\n","protected":false},"excerpt":{"rendered":"<p>O governo est\u00e1 propagandeando o renascimento, hoje, do Conselho de Desenvolvimento Econ\u00f4mico e Social, o Conselh\u00e3o, como um marco na virada da pol\u00edtica econ\u00f4mica. H\u00e1 pelo menos duas semanas, assessores da presidente Dilma Rousseff v\u00eam tentando catequizar empres\u00e1rios e investidores de que, agora, o compromisso com a retomada do crescimento do pa\u00eds \u00e9 para valer. [&hellip;]<\/p>\n","protected":false},"author":22,"featured_media":0,"comment_status":"open","ping_status":"closed","sticky":false,"template":"","format":"standard","meta":{"wpb_read_more":[],"footnotes":""},"categories":[1],"tags":[102,103,71,11,14,4,41,23],"class_list":["post-417","post","type-post","status-publish","format-standard","hentry","category-sem-categoria","tag-conselhao","tag-credito","tag-desemprego","tag-dilma-rousseff","tag-inflacao","tag-juros","tag-lava-jato","tag-lula"],"_links":{"self":[{"href":"https:\/\/blogs2.correiobraziliense.com.br\/vicente\/wp-json\/wp\/v2\/posts\/417","targetHints":{"allow":["GET"]}}],"collection":[{"href":"https:\/\/blogs2.correiobraziliense.com.br\/vicente\/wp-json\/wp\/v2\/posts"}],"about":[{"href":"https:\/\/blogs2.correiobraziliense.com.br\/vicente\/wp-json\/wp\/v2\/types\/post"}],"author":[{"embeddable":true,"href":"https:\/\/blogs2.correiobraziliense.com.br\/vicente\/wp-json\/wp\/v2\/users\/22"}],"replies":[{"embeddable":true,"href":"https:\/\/blogs2.correiobraziliense.com.br\/vicente\/wp-json\/wp\/v2\/comments?post=417"}],"version-history":[{"count":1,"href":"https:\/\/blogs2.correiobraziliense.com.br\/vicente\/wp-json\/wp\/v2\/posts\/417\/revisions"}],"predecessor-version":[{"id":418,"href":"https:\/\/blogs2.correiobraziliense.com.br\/vicente\/wp-json\/wp\/v2\/posts\/417\/revisions\/418"}],"wp:attachment":[{"href":"https:\/\/blogs2.correiobraziliense.com.br\/vicente\/wp-json\/wp\/v2\/media?parent=417"}],"wp:term":[{"taxonomy":"category","embeddable":true,"href":"https:\/\/blogs2.correiobraziliense.com.br\/vicente\/wp-json\/wp\/v2\/categories?post=417"},{"taxonomy":"post_tag","embeddable":true,"href":"https:\/\/blogs2.correiobraziliense.com.br\/vicente\/wp-json\/wp\/v2\/tags?post=417"}],"curies":[{"name":"wp","href":"https:\/\/api.w.org\/{rel}","templated":true}]}}