{"id":42,"date":"2015-02-07T00:01:00","date_gmt":"2015-02-07T02:01:00","guid":{"rendered":"https:\/\/blogs2.correiobraziliense.com.br\/vicente\/fundo_do_poco\/"},"modified":"2015-02-07T00:01:00","modified_gmt":"2015-02-07T02:01:00","slug":"fundo_do_poco","status":"publish","type":"post","link":"https:\/\/blogs2.correiobraziliense.com.br\/vicente\/fundo_do_poco\/","title":{"rendered":"FUNDO DO PO\u00c7O"},"content":{"rendered":"\n<p>A capacidade da presidente Dilma Rousseff de criar confus\u00e3o parece n\u00e3o ter fim. Nem mesmo as pessoas mais pr\u00f3ximas dela \u2014 que s\u00e3o pouqu\u00edssimas \u2014 conseguem entender como, num momento t\u00e3o delicado do governo, ela optou por nomear, para a presid\u00eancia da Petrobras, uma pessoa que est\u00e1 sendo investigada pelo Minist\u00e9rio P\u00fablico. <\/p>\n<p>Tudo o que se esperava era um nome t\u00e9cnico, limpo, para p\u00f4r fim \u00e0 corrup\u00e7\u00e3o que sugou quase R$ 90 bilh\u00f5es do caixa da petroleira. Mas Dilma preferiu escolher Aldemir Bendine, ligado ao PT, cuja maior miss\u00e3o ser\u00e1 blindar o governo politicamente. Quer dizer: evitar que as investiga\u00e7\u00f5es conduzidas pela Pol\u00edcia Federal, por meio da Opera\u00e7\u00e3o Lava-Jato, respinguem o menos poss\u00edvel no governo. <\/p>\n<p>A presidente n\u00e3o engoliu, at\u00e9 agora, a decis\u00e3o de Gra\u00e7a Foster, que se demitiu da presid\u00eancia da Petrobras, de ceder \u00e0s press\u00f5es dos acionistas minorit\u00e1rios e incluir, no balan\u00e7o financeiro do terceiro trimestre, a quantifica\u00e7\u00e3o da roubalheira na companhia. Na reuni\u00e3o do Conselho de Administra\u00e7\u00e3o da empresa, em 28 de janeiro, Dilma ordenou a Guido Mantega, presidente do \u00f3rg\u00e3o, que brecasse qualquer iniciativa de se lan\u00e7ar, nos demonstrativos financeiros, um n\u00famero referente \u00e0 corrup\u00e7\u00e3o. Gra\u00e7a, no entanto, contrariou as ordens presidenciais e fez prevalecer a transpar\u00eancia. <\/p>\n<p>Certamente, se Bendine j\u00e1 estivesse, naquele momento, no lugar de Gra\u00e7a, n\u00e3o teria o menor pudor de acatar as ordens do Planalto. Por isso, a desconfian\u00e7a dos agentes econ\u00f4micos em rela\u00e7\u00e3o \u00e0 atua\u00e7\u00e3o do ex-presidente do Banco do Brasil. A vis\u00e3o \u00e9 de que, entre os interesses do governo e os da Petrobras, prevalecer\u00e1 sempre a primeira op\u00e7\u00e3o. Nada na petroleira ser\u00e1 decidido sem o aval de Dilma. <\/p>\n<p>A Petrobras se encontra no fundo do po\u00e7o justamente porque o governo n\u00e3o teve o menor pudor de us\u00e1-la para sustentar uma pol\u00edtica econ\u00f4mica desastrosa. Apenas com a decis\u00e3o de segurar o reajuste de combust\u00edveis, a fim de evitar o estouro da meta de infla\u00e7\u00e3o, de 6,5%, a estatal perdeu mais de R$ 60 bilh\u00f5es durante o primeiro mandato de Dilma. Ao mesmo tempo em que destru\u00eda o caixa da petroleira, o Planalto fechava os olhos para o esquema criminoso que tomou conta da companhia. <\/p>\n<p>Dilma teve tudo para mostrar que, nesse segundo mandato, a mudan\u00e7a que pregou na campanha eleitoral era para valer. Infelizmente, no caso da Petrobras, veremos mais do mesmo. Ou quem sabe, pior. Bendini, quando convidado pela presidente para assumir a petroleira, garantiu que era o homem certo para retomar o controle da empresa. Ter\u00e1 que se esfor\u00e7ar muito para comprovar que n\u00e3o estava blefando. Neste momento, ele \u00e9 sin\u00f4nimo de descr\u00e9dito. <\/p>\n<p>Risco sist\u00eamico <\/p>\n<p>T\u00e9cnicos do Banco Central est\u00e3o vasculhando, com lupa, os empr\u00e9stimos concedidos pelo sistema financeiro \u00e0s construtoras pegas na Opera\u00e7\u00e3o Lava-Jato. H\u00e1 o temor de que a onda de quebradeira dessas empresas leve junto uma s\u00e9rie de bancos. V\u00e1rios analistas v\u00eam ressaltando que, ainda que pequeno, surgiu no horizonte a possibilidade de risco sist\u00eamico. As empreiteiras devem pelo menos R$ 141 bilh\u00f5es \u00e0s institui\u00e7\u00f5es financeiras. Por determina\u00e7\u00e3o do BC, os bancos est\u00e3o refor\u00e7ando as provis\u00f5es para poss\u00edveis calotes. Mas essa reserva de capital n\u00e3o \u00e9 suficiente para fazer frente \u00e0 fal\u00eancia em s\u00e9rie das construtoras. <\/p>\n<p>Instinto de sobreviv\u00eancia <\/p>\n<p>\u00bb Na tentativa de acalmar os credores, os donos das empreiteiras acusadas de surrupiarem dinheiro da Petrobras v\u00eam separando seus ativos dos neg\u00f3cios investigados pela Pol\u00edcia Federal. Nas conversas com bancos e investidores, dizem que, caso as \u00e1reas de constru\u00e7\u00e3o venham a ruir, n\u00e3o haver\u00e1 nenhuma contamina\u00e7\u00e3o das empresas controladas. Ningu\u00e9m acredita. <\/p>\n<p>Investidores perdem <\/p>\n<p>\u00bb Os brasileiros que aplicam em fundos de investimento est\u00e3o pagando caro pelos problemas enfrentados pelas grandes empreiteiras do pa\u00eds. Nos \u00faltimos anos, elas emitiram t\u00edtulos como deb\u00eantures para refor\u00e7ar o caixa. Boa parte desses pap\u00e9is foi comprada pelos bancos, que os destinaram aos fundos. Como os t\u00edtulos perderam valor, os preju\u00edzos est\u00e3o sendo repartidos entre os poupadores. <\/p>\n<p>Petros e Funcef no exterior <\/p>\n<p>\u00bb Os fundos de pens\u00e3o dos empregados da Petrobras (Petros) e da Caixa Econ\u00f4mica Federal (Funcef) destinaram pelo menos US$ 1,5 bilh\u00e3o para o exterior. Em vez de destinar os recursos para empreendimentos de infraestrutura no pa\u00eds, preferem aplicar em t\u00edtulos de diversos pa\u00edses. <\/p>\n<p>Patrim\u00f4nio evapora <\/p>\n<p>\u00bb Um dos maiores empres\u00e1rios de Bras\u00edlia est\u00e1 inconsol\u00e1vel. Ele destinou R$ 200 milh\u00f5es para a compra de a\u00e7\u00f5es da Petrobras, quando os pap\u00e9is estavam cotados pr\u00f3ximos de R$ 40. Agora, tem menos de um quarto do patrim\u00f4nio. <\/p>\n<p>R$ 200 milh\u00f5es em Caldas Novas <\/p>\n<p>\u00bb A Riviera Investimentos, ligada ao Banco Paulista, lan\u00e7ar\u00e1, ainda neste m\u00eas, um fundo imobili\u00e1rio para a constru\u00e7\u00e3o de um hotel e um centro de conven\u00e7\u00f5es dentro do complexo Rio Quente, em Caldas Novas. A meta \u00e9 captar R$ 200 milh\u00f5es para bancar as obras. <\/p>\n<p>Bras\u00edlia, 00h01min   <\/p>\n","protected":false},"excerpt":{"rendered":"<p>A capacidade da presidente Dilma Rousseff de criar confus\u00e3o parece n\u00e3o ter fim. Nem mesmo as pessoas mais pr\u00f3ximas dela \u2014 que s\u00e3o pouqu\u00edssimas \u2014 conseguem entender como, num momento t\u00e3o delicado do governo, ela optou por nomear, para a presid\u00eancia da Petrobras, uma pessoa que est\u00e1 sendo investigada pelo Minist\u00e9rio P\u00fablico. Tudo o que [&hellip;]<\/p>\n","protected":false},"author":22,"featured_media":0,"comment_status":"open","ping_status":"open","sticky":false,"template":"","format":"standard","meta":{"wpb_read_more":[],"footnotes":""},"categories":[1],"tags":[],"class_list":["post-42","post","type-post","status-publish","format-standard","hentry","category-sem-categoria"],"_links":{"self":[{"href":"https:\/\/blogs2.correiobraziliense.com.br\/vicente\/wp-json\/wp\/v2\/posts\/42","targetHints":{"allow":["GET"]}}],"collection":[{"href":"https:\/\/blogs2.correiobraziliense.com.br\/vicente\/wp-json\/wp\/v2\/posts"}],"about":[{"href":"https:\/\/blogs2.correiobraziliense.com.br\/vicente\/wp-json\/wp\/v2\/types\/post"}],"author":[{"embeddable":true,"href":"https:\/\/blogs2.correiobraziliense.com.br\/vicente\/wp-json\/wp\/v2\/users\/22"}],"replies":[{"embeddable":true,"href":"https:\/\/blogs2.correiobraziliense.com.br\/vicente\/wp-json\/wp\/v2\/comments?post=42"}],"version-history":[{"count":0,"href":"https:\/\/blogs2.correiobraziliense.com.br\/vicente\/wp-json\/wp\/v2\/posts\/42\/revisions"}],"wp:attachment":[{"href":"https:\/\/blogs2.correiobraziliense.com.br\/vicente\/wp-json\/wp\/v2\/media?parent=42"}],"wp:term":[{"taxonomy":"category","embeddable":true,"href":"https:\/\/blogs2.correiobraziliense.com.br\/vicente\/wp-json\/wp\/v2\/categories?post=42"},{"taxonomy":"post_tag","embeddable":true,"href":"https:\/\/blogs2.correiobraziliense.com.br\/vicente\/wp-json\/wp\/v2\/tags?post=42"}],"curies":[{"name":"wp","href":"https:\/\/api.w.org\/{rel}","templated":true}]}}