{"id":423,"date":"2016-01-29T00:21:29","date_gmt":"2016-01-29T02:21:29","guid":{"rendered":"https:\/\/blogs2.correiobraziliense.com.br\/vicente\/?p=423"},"modified":"2016-01-29T09:22:41","modified_gmt":"2016-01-29T11:22:41","slug":"bradesco-e-itau","status":"publish","type":"post","link":"https:\/\/blogs2.correiobraziliense.com.br\/vicente\/bradesco-e-itau\/","title":{"rendered":"BRADESCO E ITA\u00da"},"content":{"rendered":"<p>S\u00e3o incr\u00edveis as diferen\u00e7as no trato pessoal entre os presidentes do Bradesco, Luiz Carlos Trabuco, e do Ita\u00fa Unibanco, Roberto Set\u00fabal. O primeiro \u00e9 polido e acess\u00edvel; o segundo, um po\u00e7o de m\u00e1 educa\u00e7\u00e3o.<\/p>\n","protected":false},"excerpt":{"rendered":"<p>S\u00e3o incr\u00edveis as diferen\u00e7as no trato pessoal entre os presidentes do Bradesco, Luiz Carlos Trabuco, e do Ita\u00fa Unibanco, Roberto Set\u00fabal. O primeiro \u00e9 polido e acess\u00edvel; o segundo, um po\u00e7o de m\u00e1 educa\u00e7\u00e3o.<\/p>\n","protected":false},"author":22,"featured_media":0,"comment_status":"open","ping_status":"closed","sticky":false,"template":"","format":"standard","meta":{"wpb_read_more":[],"footnotes":""},"categories":[1],"tags":[],"class_list":["post-423","post","type-post","status-publish","format-standard","hentry","category-sem-categoria"],"_links":{"self":[{"href":"https:\/\/blogs2.correiobraziliense.com.br\/vicente\/wp-json\/wp\/v2\/posts\/423","targetHints":{"allow":["GET"]}}],"collection":[{"href":"https:\/\/blogs2.correiobraziliense.com.br\/vicente\/wp-json\/wp\/v2\/posts"}],"about":[{"href":"https:\/\/blogs2.correiobraziliense.com.br\/vicente\/wp-json\/wp\/v2\/types\/post"}],"author":[{"embeddable":true,"href":"https:\/\/blogs2.correiobraziliense.com.br\/vicente\/wp-json\/wp\/v2\/users\/22"}],"replies":[{"embeddable":true,"href":"https:\/\/blogs2.correiobraziliense.com.br\/vicente\/wp-json\/wp\/v2\/comments?post=423"}],"version-history":[{"count":1,"href":"https:\/\/blogs2.correiobraziliense.com.br\/vicente\/wp-json\/wp\/v2\/posts\/423\/revisions"}],"predecessor-version":[{"id":424,"href":"https:\/\/blogs2.correiobraziliense.com.br\/vicente\/wp-json\/wp\/v2\/posts\/423\/revisions\/424"}],"wp:attachment":[{"href":"https:\/\/blogs2.correiobraziliense.com.br\/vicente\/wp-json\/wp\/v2\/media?parent=423"}],"wp:term":[{"taxonomy":"category","embeddable":true,"href":"https:\/\/blogs2.correiobraziliense.com.br\/vicente\/wp-json\/wp\/v2\/categories?post=423"},{"taxonomy":"post_tag","embeddable":true,"href":"https:\/\/blogs2.correiobraziliense.com.br\/vicente\/wp-json\/wp\/v2\/tags?post=423"}],"curies":[{"name":"wp","href":"https:\/\/api.w.org\/{rel}","templated":true}]}}