{"id":427,"date":"2016-01-31T00:01:29","date_gmt":"2016-01-31T02:01:29","guid":{"rendered":"https:\/\/blogs2.correiobraziliense.com.br\/vicente\/?p=427"},"modified":"2016-01-31T10:52:49","modified_gmt":"2016-01-31T12:52:49","slug":"traicao","status":"publish","type":"post","link":"https:\/\/blogs2.correiobraziliense.com.br\/vicente\/traicao\/","title":{"rendered":"TRAI\u00c7\u00c3O"},"content":{"rendered":"<p><strong>POR PAULO SILVA PINTO<\/strong><\/p>\n<p>&nbsp;<\/p>\n<p>\u00bb Empres\u00e1rios do setor de constru\u00e7\u00e3o est\u00e3o irritados com o uso de recursos do Fundo de Garantia do Tempo de Servi\u00e7o (FGTS) para alavancar empr\u00e9stimos consignados. O temor deles \u00e9 de que isso reduza drasticamente o volume de recursos do fundo, que financia 100% das obras das faixas 2 e 3 do programa Minha Casa Minha Vida.<\/p>\n<p>&nbsp;<\/p>\n<p>\u00bb Os construtores se sentem especialmente tra\u00eddos porque se reuniram com o secret\u00e1rio executivo do Minist\u00e9rio da Fazenda, Dyogo de Oliveira, na ter\u00e7a-feira e n\u00e3o foram informados de que a medida estava em discuss\u00e3o pelo governo. Tentam agora novo encontro para a pr\u00f3xima semana, na esperan\u00e7a de reverter a decis\u00e3o.<\/p>\n<p>&nbsp;<\/p>\n<p><em>Bras\u00edlia, 00h01min<\/em><\/p>\n","protected":false},"excerpt":{"rendered":"<p>POR PAULO SILVA PINTO &nbsp; \u00bb Empres\u00e1rios do setor de constru\u00e7\u00e3o est\u00e3o irritados com o uso de recursos do Fundo de Garantia do Tempo de Servi\u00e7o (FGTS) para alavancar empr\u00e9stimos consignados. O temor deles \u00e9 de que isso reduza drasticamente o volume de recursos do fundo, que financia 100% das obras das faixas 2 e [&hellip;]<\/p>\n","protected":false},"author":22,"featured_media":0,"comment_status":"open","ping_status":"closed","sticky":false,"template":"","format":"standard","meta":{"wpb_read_more":[],"footnotes":""},"categories":[1],"tags":[],"class_list":["post-427","post","type-post","status-publish","format-standard","hentry","category-sem-categoria"],"_links":{"self":[{"href":"https:\/\/blogs2.correiobraziliense.com.br\/vicente\/wp-json\/wp\/v2\/posts\/427","targetHints":{"allow":["GET"]}}],"collection":[{"href":"https:\/\/blogs2.correiobraziliense.com.br\/vicente\/wp-json\/wp\/v2\/posts"}],"about":[{"href":"https:\/\/blogs2.correiobraziliense.com.br\/vicente\/wp-json\/wp\/v2\/types\/post"}],"author":[{"embeddable":true,"href":"https:\/\/blogs2.correiobraziliense.com.br\/vicente\/wp-json\/wp\/v2\/users\/22"}],"replies":[{"embeddable":true,"href":"https:\/\/blogs2.correiobraziliense.com.br\/vicente\/wp-json\/wp\/v2\/comments?post=427"}],"version-history":[{"count":1,"href":"https:\/\/blogs2.correiobraziliense.com.br\/vicente\/wp-json\/wp\/v2\/posts\/427\/revisions"}],"predecessor-version":[{"id":428,"href":"https:\/\/blogs2.correiobraziliense.com.br\/vicente\/wp-json\/wp\/v2\/posts\/427\/revisions\/428"}],"wp:attachment":[{"href":"https:\/\/blogs2.correiobraziliense.com.br\/vicente\/wp-json\/wp\/v2\/media?parent=427"}],"wp:term":[{"taxonomy":"category","embeddable":true,"href":"https:\/\/blogs2.correiobraziliense.com.br\/vicente\/wp-json\/wp\/v2\/categories?post=427"},{"taxonomy":"post_tag","embeddable":true,"href":"https:\/\/blogs2.correiobraziliense.com.br\/vicente\/wp-json\/wp\/v2\/tags?post=427"}],"curies":[{"name":"wp","href":"https:\/\/api.w.org\/{rel}","templated":true}]}}