{"id":43,"date":"2015-02-10T09:03:00","date_gmt":"2015-02-10T11:03:00","guid":{"rendered":"https:\/\/blogs2.correiobraziliense.com.br\/vicente\/a_verdade_choca\/"},"modified":"2015-02-10T09:03:00","modified_gmt":"2015-02-10T11:03:00","slug":"a_verdade_choca","status":"publish","type":"post","link":"https:\/\/blogs2.correiobraziliense.com.br\/vicente\/a_verdade_choca\/","title":{"rendered":"A VERDADE CHOCA"},"content":{"rendered":"\n<p>O Pal\u00e1cio do Planalto est\u00e1 se dizendo \u201cchocado\u201d com a pesquisa Datafolha que mostrou forte tombo na popularidade da presidente Dilma Rousseff. O impacto dos n\u00fameros \u2014 apenas 23% da popula\u00e7\u00e3o consideram o atual governo bom ou \u00f3timo, contra 42% de dezembro \u2014 levou a chefe do Executivo a fazer ontem uma reuni\u00e3o de emerg\u00eancia com seus conselheiros para definir uma estrat\u00e9gia de rea\u00e7\u00e3o. \u00c9 poss\u00edvel que a petista fa\u00e7a um pronunciamento em cadeia de r\u00e1dio e tev\u00ea logo depois do carnaval. <\/p>\n<p>O governo n\u00e3o deveria, por\u00e9m, mostrar tanta surpresa diante da mais r\u00e1pida e profunda deteriora\u00e7\u00e3o pol\u00edtica desde a administra\u00e7\u00e3o Collor de Mello. Basta ver a situa\u00e7\u00e3o em que o pa\u00eds se encontra para perceber que a resposta dos eleitores \u00e9 a mais natural poss\u00edvel. Os quatro anos do primeiro mandato de Dilma foram desastrosos, acumulando uma heran\u00e7a maldita que custar\u00e1 caro ao Brasil. Com exce\u00e7\u00e3o do mercado de trabalho, cujos dados s\u00e3o influenciados pelo grande n\u00famero de pessoas que deixaram de procurar emprego, todos os demais indicadores da economia mostram um pa\u00eds de joelhos. <\/p>\n<p>A perspectiva \u00e9 de que o Produto Interno Bruto (PIB) encerre 2015 com queda entre 0,5% e 2% \u2014 nas \u00faltimas duas d\u00e9cadas, em apenas duas ocasi\u00f5es, a economia registrou retra\u00e7\u00e3o, em 1992, ano da derrocada do governo Collor, e em 2009, quando o pa\u00eds foi solapado pela crise mundial. A infla\u00e7\u00e3o est\u00e1 no maior n\u00edvel desde 2003, o primeiro ano de mandato de Lula. Todas as proje\u00e7\u00f5es mostram que o custo de vida ficar\u00e1 entre 7% e 8% em 2015, muito acima do teto da meta, de 6,5%. <\/p>\n<p>A presidente que foi apresentada ao pa\u00eds como excelente gerente na campanha de 2010 \u2014 uma propaganda enganosa \u2014 conseguiu a proeza de acumular, no ano passado, rombos nas contas p\u00fablicas e nas contas externas que chegam, juntos, a 11% do PIB. O pa\u00eds, que construiu importante reputa\u00e7\u00e3o no mercado internacional, recebendo a chancela de grau de investimento das tr\u00eas principais ag\u00eancias de classifica\u00e7\u00e3o de risco, est\u00e1 a um passo de ser rebaixado para n\u00edvel especulativo. Os empres\u00e1rios se assustaram tanto com as maluquices de Dilma na economia, que suspenderam os investimentos, ajudando a empurrar a atividade produtiva para o buraco. <\/p>\n<p>Tudo isso j\u00e1 seria motivo de sobra para 44% da popula\u00e7\u00e3o rejeitar o governo Dilma. Mas os eleitores foram apresentados a um processo sem precedentes de corrup\u00e7\u00e3o na Petrobras, a maior empresa do pa\u00eds, um s\u00edmbolo nacional. Estima-se que o superfaturamento de obras tenha comido R$ 88,6 bilh\u00f5es do patrim\u00f4nio da empresa. O esquema para sugar o caixa da petroleira foi criado para bancar o projeto de poder do PT, aliciando partidos da base aliada, conforme foi revelado pela Opera\u00e7\u00e3o Lava-Jato. <\/p>\n<p>Nada do que espanta os eleitores que agora rejeitam o governo \u00e9 novidade. Todos os fatos \u2014 a m\u00e1 administra\u00e7\u00e3o da economia, os desmandos e a corrup\u00e7\u00e3o \u2014 foram apresentados claramente durante a disputa eleitoral de outubro passado, da qual Dilma saiu reeleita. A maioria dos votantes, no entanto, deixou-se inebriar pela bela campanha conduzida pelo marqueteiro Jo\u00e3o Santana. Ele criou um Brasil da fantasia e n\u00e3o se intimidou, com o aval da presidente, em mentir para destruir os concorrentes. <\/p>\n<p>Agora, com a realidade se impondo, a infla\u00e7\u00e3o corroendo a renda, o desemprego batendo \u00e0 porta e as den\u00fancias di\u00e1rias de que a Petrobras foi tomada por uma fac\u00e7\u00e3o criminosa, seis em cada 10 entrevistados pelo Datafolha dizem que Dilma mentiu durante a campanha eleitoral. Para 77% dos entrevistados, a presidente sabia da corrup\u00e7\u00e3o que sangrou a Petrobras. Diante desse quadro de total desconfian\u00e7a, todos se perguntam: o que a petista dir\u00e1 no pronunciamento de r\u00e1dio e tev\u00ea? Continuar\u00e1 mentido sem constrangimento? Dir\u00e1 que tudo o que est\u00e1 acontecendo no pa\u00eds \u00e9 culpa dos pessimistas? Se for para dizer tantas bobagens, \u00e9 melhor continuar no sil\u00eancio em que se encontra. <\/p>\n<p><b>BTG Pactual na ordem do dia<\/b> <\/p>\n<p>\u00bb T\u00e9cnicos do governo andam se referindo com frequ\u00eancia ao Banco BTG Pactual, devido \u00e0s fortes rela\u00e7\u00f5es da institui\u00e7\u00e3o com a empresa Sete Brasil, citada na Opera\u00e7\u00e3o Lava-Jato como pagadora de propina. A institui\u00e7\u00e3o financeira presidida por Andr\u00e9 Esteves sempre teve fortes rela\u00e7\u00f5es com os governos petistas. <\/p>\n<p><b>Upgrade com Hamilton<\/b> <\/p>\n<p>\u00bb Gente s\u00e9ria do mercado financeiro garante que Carlos Hamilton, que deixou a diretoria de Pol\u00edtica Econ\u00f4mica do Banco Central, pode ir para a Brasil Plural, gestora de recursos que tem como um dos s\u00f3cios M\u00e1rio Mesquita, ex-diretor do BC. Se confirmada, ser\u00e1 um upgrade para a institui\u00e7\u00e3o, que n\u00e3o vive seus melhores dias. <\/p>\n<p><b>TCU v\u00ea desvios no Sesc Rio<\/b> <\/p>\n<p>\u00bb Com base em auditoria realizada pela Secretaria de Controle Externo no Estado do Rio de Janeiro, o Tribunal de Contas da Uni\u00e3o reconheceu serem procedentes as den\u00fancias de irregularidade no Sesc do Rio. O TCU decidiu converter o processo de investiga\u00e7\u00e3o em Tomada Especial de Contas (TEC) para que uma comiss\u00e3o de auditores e advogados avalie o montante de recursos desviados. \u00c0 \u00e9poca da representa\u00e7\u00e3o ao Tribunal, em 2012, o Sesc Rio era presidido por Orlando Diniz, presidente da Fecom\u00e9rcio-RJ. <\/p>\n<p><b>TAM rebaixa benef\u00edcio<\/b> <\/p>\n<p>\u00bb Os cortes de gastos pela TAM atingiram em cheio a hospedagem da tripula\u00e7\u00e3o da companhia a\u00e9rea entre um voo e outro. Em Bras\u00edlia, por exemplo, a pernoite da equipe de comiss\u00e1rios e pilotos era, at\u00e9 o meio do ano passado, em um aut\u00eantico hotel cinco estrelas da capital federal. Neste ano, o pouso est\u00e1 sendo em um estabelecimento bem mais simples, em Taguatinga. De quebra, o tempo no engarrafamento, que tem chegado a uma hora, diminuiu o per\u00edodo de descanso dos funcion\u00e1rios. <\/p>\n<p><i>Bras\u00edlia, 09h05min<\/i>   <\/p>\n","protected":false},"excerpt":{"rendered":"<p>O Pal\u00e1cio do Planalto est\u00e1 se dizendo \u201cchocado\u201d com a pesquisa Datafolha que mostrou forte tombo na popularidade da presidente Dilma Rousseff. O impacto dos n\u00fameros \u2014 apenas 23% da popula\u00e7\u00e3o consideram o atual governo bom ou \u00f3timo, contra 42% de dezembro \u2014 levou a chefe do Executivo a fazer ontem uma reuni\u00e3o de emerg\u00eancia [&hellip;]<\/p>\n","protected":false},"author":22,"featured_media":0,"comment_status":"open","ping_status":"open","sticky":false,"template":"","format":"standard","meta":{"wpb_read_more":[],"footnotes":""},"categories":[1],"tags":[],"class_list":["post-43","post","type-post","status-publish","format-standard","hentry","category-sem-categoria"],"_links":{"self":[{"href":"https:\/\/blogs2.correiobraziliense.com.br\/vicente\/wp-json\/wp\/v2\/posts\/43","targetHints":{"allow":["GET"]}}],"collection":[{"href":"https:\/\/blogs2.correiobraziliense.com.br\/vicente\/wp-json\/wp\/v2\/posts"}],"about":[{"href":"https:\/\/blogs2.correiobraziliense.com.br\/vicente\/wp-json\/wp\/v2\/types\/post"}],"author":[{"embeddable":true,"href":"https:\/\/blogs2.correiobraziliense.com.br\/vicente\/wp-json\/wp\/v2\/users\/22"}],"replies":[{"embeddable":true,"href":"https:\/\/blogs2.correiobraziliense.com.br\/vicente\/wp-json\/wp\/v2\/comments?post=43"}],"version-history":[{"count":0,"href":"https:\/\/blogs2.correiobraziliense.com.br\/vicente\/wp-json\/wp\/v2\/posts\/43\/revisions"}],"wp:attachment":[{"href":"https:\/\/blogs2.correiobraziliense.com.br\/vicente\/wp-json\/wp\/v2\/media?parent=43"}],"wp:term":[{"taxonomy":"category","embeddable":true,"href":"https:\/\/blogs2.correiobraziliense.com.br\/vicente\/wp-json\/wp\/v2\/categories?post=43"},{"taxonomy":"post_tag","embeddable":true,"href":"https:\/\/blogs2.correiobraziliense.com.br\/vicente\/wp-json\/wp\/v2\/tags?post=43"}],"curies":[{"name":"wp","href":"https:\/\/api.w.org\/{rel}","templated":true}]}}