{"id":439,"date":"2016-02-03T08:30:16","date_gmt":"2016-02-03T10:30:16","guid":{"rendered":"https:\/\/blogs2.correiobraziliense.com.br\/vicente\/?p=439"},"modified":"2016-02-04T11:42:39","modified_gmt":"2016-02-04T13:42:39","slug":"falta-combinar-com-o-pt","status":"publish","type":"post","link":"https:\/\/blogs2.correiobraziliense.com.br\/vicente\/falta-combinar-com-o-pt\/","title":{"rendered":"FALTA COMBINAR COM O PT"},"content":{"rendered":"<p>A presidente Dilma Rousseff tentou, espertamente, distensionar as rela\u00e7\u00f5es com o Congresso, mas pouco conseguir\u00e1 avan\u00e7ar nas propostas apresentadas por ela \u2014 a recria\u00e7\u00e3o da CPMF e a reforma da Previd\u00eancia Social \u2014 como salva\u00e7\u00e3o para a grave crise enfrentada pelo pa\u00eds. Antes de contar com a aprova\u00e7\u00e3o da Casa do Povo, como bem definiu o ministro da Casa Civil, Jaques Wagner, a presidente ter\u00e1 que convencer o partido dela, o PT, a apoi\u00e1-la. Nenhuma outra legenda da base aliada abra\u00e7ar\u00e1 medidas que aumentam impostos e mexem com direitos de trabalhadores.<\/p>\n<p>&nbsp;<\/p>\n<p>Os investidores acompanharam, com lupa, cada palavra da mensagem de Dilma a deputados e senadores. E, como muitos parlamentares, se decepcionaram. Esperavam que a petista fosse mais enf\u00e1tica no compromisso de tirar o pa\u00eds do atoleiro. A percep\u00e7\u00e3o, contudo, foi a de uma presidente louca para aprovar medidas de curt\u00edssimo prazo, como a CPMF e a Desvincula\u00e7\u00e3o de Receitas da Uni\u00e3o (DRU), a fim de ganhar sobrevida e se arrastar at\u00e9 o fim do mandato. A promessa de reforma da Previd\u00eancia foi a forma encontrada para ado\u00e7ar a boca do mercado e, quem sabe, obter um voto de confian\u00e7a.<\/p>\n<p>&nbsp;<\/p>\n<p>Mesmo assessores mais pr\u00f3ximos de Dilma sabem que ela est\u00e1 em uma situa\u00e7\u00e3o delicad\u00edssima. A presidente enfrenta oposi\u00e7\u00e3o dentro de casa e n\u00e3o conta com um articulador capaz de convencer o PT a assumir as bandeiras da CPMF e da Previd\u00eancia. O ex-presidente Lula, que poderia fazer o trabalho pol\u00edtico de unir as bases, est\u00e1 com a corda no pesco\u00e7o diante das den\u00fancias de que ele teria recebido benesses das empreiteiras que surrupiaram o caixa da Petrobras e foram pegas pela Opera\u00e7\u00e3o Lava-Jato. Neste momento, talvez a pr\u00f3pria Dilma esteja querendo manter dist\u00e2ncia de seu criador.<\/p>\n<p>&nbsp;<\/p>\n<p><strong>Deficit de credibilidade<\/strong><\/p>\n<p>&nbsp;<\/p>\n<p>Na avalia\u00e7\u00e3o do economista Alexandre Cabral, da Neo Value Consultoria, o governo enfrenta hoje deficit de credibilidade. Mesmo que a presidente demonstre boa vontade em rela\u00e7\u00e3o a determinados temas, ningu\u00e9m compra o discurso dela. Os \u00faltimos cinco anos foram ruins demais para o pa\u00eds. Todas as bases do crescimento foram destru\u00eddas e o futuro, hipotecado. \u201cN\u00e3o h\u00e1 como acreditar que, a partir de agora, tudo ser\u00e1 diferente\u201d, frisa.<\/p>\n<p>&nbsp;<\/p>\n<p>Para refor\u00e7ar seu ceticismo, Cabral se deu ao trabalho de vasculhar os arquivos do Fundo Monet\u00e1rio Internacional (FMI). Segundo ele, entre 2011 e 2016, o Brasil acumular\u00e1 crescimento de apenas 4,42%. Com esse resultado, o pa\u00eds ficar\u00e1 na 152\u00aa posi\u00e7\u00e3o entre 172 na\u00e7\u00f5es. S\u00f3 conseguir\u00e1 superar pa\u00edses em guerra civil, como a L\u00edbia e a S\u00edria, e aqueles que recorreram ao populismo, como a Venezuela, acreditando que a capacidade do Estado de controlar a economia era infinita.<\/p>\n<p>&nbsp;<\/p>\n<p>Cabral acredita que o quadro \u00e9 de piora, pois o Congresso, insuflado pelo PT, n\u00e3o mover\u00e1 uma palha para ajudar o governo. N\u00e3o num ano de elei\u00e7\u00f5es. Os petistas, que j\u00e1 est\u00e3o com a pecha de corruptos e de ladr\u00f5es, n\u00e3o querem se associar a aumento de impostos e ao adiamento das aposentadorias. Diante disso, o economista n\u00e3o tem d\u00favidas de que a Moody\u2019s, a \u00fanica ag\u00eancia que ainda mant\u00e9m o pa\u00eds como porto seguro para o investimento, vai retirar esse selo. Os t\u00e9cnicos da ag\u00eancia est\u00e3o no Brasil e admitem que a situa\u00e7\u00e3o \u00e9 pior do que imaginavam.<\/p>\n<p>&nbsp;<\/p>\n<p><strong>Especula\u00e7\u00e3o<\/strong><\/p>\n<p>&nbsp;<\/p>\n<p>Dilma acredita ter um trunfo na m\u00e3o para levar adiante a CPMF: o apoio dos governadores. Mas, mesmo entre eles, a divis\u00e3o \u00e9 grande. N\u00e3o acreditam que se beneficiar\u00e3o dos recursos a serem arrecadados. Outro ponto importante: n\u00e3o s\u00e3o todos os governadores que t\u00eam controle sobre suas bancadas. Mas, independentemente dos empecilhos, a determina\u00e7\u00e3o do Pal\u00e1cio do Planalto \u00e9 insuflar o m\u00e1ximo poss\u00edvel o lobby dos comandantes dos estados para que o imposto saia do papel pelo menos at\u00e9 maio, para que a arrecada\u00e7\u00e3o comece em setembro e os R$ 10 bilh\u00f5es previstos ajudem no cumprimento da meta fiscal de 0,5% do Produto Interno Bruto (PIB).<\/p>\n<p>&nbsp;<\/p>\n<p>No entender dos investidores, o melhor, neste momento, \u00e9 manter dist\u00e2ncia do Brasil. As \u00fanicas opera\u00e7\u00f5es permitidas s\u00e3o as de carry trade, ou seja, pegar dinheiro a juros quase zero nos Estados Unidos e na Europa e negativos no Jap\u00e3o e trazer para o Brasil e se beneficiar da taxa Selic de 14,25% ao ano. \u00c9 a mais pura especula\u00e7\u00e3o, incentivada pelo governo, que destruiu a credibilidade da pol\u00edtica econ\u00f4mica e empurrou o pa\u00eds para a mais grave recess\u00e3o desde o in\u00edcio dos anos 1930.<\/p>\n<p>&nbsp;<\/p>\n<p>\u201cCom o quase rebaixamento do Brasil pela Moody\u2019s, haver\u00e1 uma forte realoca\u00e7\u00e3o de recursos para outros pa\u00edses emergentes que estejam em melhor situa\u00e7\u00e3o\u201d, prev\u00ea Fernando Barroso, diretor da CM Capital Markets. \u201cPara o pa\u00eds, sobrar\u00e3o apenas os recursos da especula\u00e7\u00e3o\u201d, complementa. Nada mais natural no caso de uma na\u00e7\u00e3o mergulhada na recess\u00e3o, com infla\u00e7\u00e3o acima de 10%, desemprego em disparada, contas p\u00fablicas em frangalhos e aterrorizada pelo Aedes aegypti.<\/p>\n<p>&nbsp;<\/p>\n<p><em>Bras\u00edlia, 08h30min<\/em><\/p>\n","protected":false},"excerpt":{"rendered":"<p>A presidente Dilma Rousseff tentou, espertamente, distensionar as rela\u00e7\u00f5es com o Congresso, mas pouco conseguir\u00e1 avan\u00e7ar nas propostas apresentadas por ela \u2014 a recria\u00e7\u00e3o da CPMF e a reforma da Previd\u00eancia Social \u2014 como salva\u00e7\u00e3o para a grave crise enfrentada pelo pa\u00eds. Antes de contar com a aprova\u00e7\u00e3o da Casa do Povo, como bem definiu [&hellip;]<\/p>\n","protected":false},"author":22,"featured_media":0,"comment_status":"open","ping_status":"closed","sticky":false,"template":"","format":"standard","meta":{"wpb_read_more":[],"footnotes":""},"categories":[1],"tags":[3,104,105,11,69,24],"class_list":["post-439","post","type-post","status-publish","format-standard","hentry","category-sem-categoria","tag-banco-central","tag-credibilidade","tag-desconfianca","tag-dilma-rousseff","tag-moodys","tag-nelson-barbosa"],"_links":{"self":[{"href":"https:\/\/blogs2.correiobraziliense.com.br\/vicente\/wp-json\/wp\/v2\/posts\/439","targetHints":{"allow":["GET"]}}],"collection":[{"href":"https:\/\/blogs2.correiobraziliense.com.br\/vicente\/wp-json\/wp\/v2\/posts"}],"about":[{"href":"https:\/\/blogs2.correiobraziliense.com.br\/vicente\/wp-json\/wp\/v2\/types\/post"}],"author":[{"embeddable":true,"href":"https:\/\/blogs2.correiobraziliense.com.br\/vicente\/wp-json\/wp\/v2\/users\/22"}],"replies":[{"embeddable":true,"href":"https:\/\/blogs2.correiobraziliense.com.br\/vicente\/wp-json\/wp\/v2\/comments?post=439"}],"version-history":[{"count":2,"href":"https:\/\/blogs2.correiobraziliense.com.br\/vicente\/wp-json\/wp\/v2\/posts\/439\/revisions"}],"predecessor-version":[{"id":447,"href":"https:\/\/blogs2.correiobraziliense.com.br\/vicente\/wp-json\/wp\/v2\/posts\/439\/revisions\/447"}],"wp:attachment":[{"href":"https:\/\/blogs2.correiobraziliense.com.br\/vicente\/wp-json\/wp\/v2\/media?parent=439"}],"wp:term":[{"taxonomy":"category","embeddable":true,"href":"https:\/\/blogs2.correiobraziliense.com.br\/vicente\/wp-json\/wp\/v2\/categories?post=439"},{"taxonomy":"post_tag","embeddable":true,"href":"https:\/\/blogs2.correiobraziliense.com.br\/vicente\/wp-json\/wp\/v2\/tags?post=439"}],"curies":[{"name":"wp","href":"https:\/\/api.w.org\/{rel}","templated":true}]}}