{"id":443,"date":"2016-02-03T03:47:51","date_gmt":"2016-02-03T05:47:51","guid":{"rendered":"https:\/\/blogs2.correiobraziliense.com.br\/vicente\/?p=443"},"modified":"2016-02-03T12:48:28","modified_gmt":"2016-02-03T14:48:28","slug":"minas-desativadas","status":"publish","type":"post","link":"https:\/\/blogs2.correiobraziliense.com.br\/vicente\/minas-desativadas\/","title":{"rendered":"MINAS DESATIVADAS"},"content":{"rendered":"<p>\u00bb A mineradora Anglo American fechar\u00e1 quatro unidades de produ\u00e7\u00e3o no estado de Goi\u00e1s, mais precisamente em Catal\u00e3o, Ouvidor, Niquel\u00e2ndia e Barro Alto.<\/p>\n","protected":false},"excerpt":{"rendered":"<p>\u00bb A mineradora Anglo American fechar\u00e1 quatro unidades de produ\u00e7\u00e3o no estado de Goi\u00e1s, mais precisamente em Catal\u00e3o, Ouvidor, Niquel\u00e2ndia e Barro Alto.<\/p>\n","protected":false},"author":22,"featured_media":0,"comment_status":"open","ping_status":"closed","sticky":false,"template":"","format":"standard","meta":{"wpb_read_more":[],"footnotes":""},"categories":[1],"tags":[],"class_list":["post-443","post","type-post","status-publish","format-standard","hentry","category-sem-categoria"],"_links":{"self":[{"href":"https:\/\/blogs2.correiobraziliense.com.br\/vicente\/wp-json\/wp\/v2\/posts\/443","targetHints":{"allow":["GET"]}}],"collection":[{"href":"https:\/\/blogs2.correiobraziliense.com.br\/vicente\/wp-json\/wp\/v2\/posts"}],"about":[{"href":"https:\/\/blogs2.correiobraziliense.com.br\/vicente\/wp-json\/wp\/v2\/types\/post"}],"author":[{"embeddable":true,"href":"https:\/\/blogs2.correiobraziliense.com.br\/vicente\/wp-json\/wp\/v2\/users\/22"}],"replies":[{"embeddable":true,"href":"https:\/\/blogs2.correiobraziliense.com.br\/vicente\/wp-json\/wp\/v2\/comments?post=443"}],"version-history":[{"count":1,"href":"https:\/\/blogs2.correiobraziliense.com.br\/vicente\/wp-json\/wp\/v2\/posts\/443\/revisions"}],"predecessor-version":[{"id":444,"href":"https:\/\/blogs2.correiobraziliense.com.br\/vicente\/wp-json\/wp\/v2\/posts\/443\/revisions\/444"}],"wp:attachment":[{"href":"https:\/\/blogs2.correiobraziliense.com.br\/vicente\/wp-json\/wp\/v2\/media?parent=443"}],"wp:term":[{"taxonomy":"category","embeddable":true,"href":"https:\/\/blogs2.correiobraziliense.com.br\/vicente\/wp-json\/wp\/v2\/categories?post=443"},{"taxonomy":"post_tag","embeddable":true,"href":"https:\/\/blogs2.correiobraziliense.com.br\/vicente\/wp-json\/wp\/v2\/tags?post=443"}],"curies":[{"name":"wp","href":"https:\/\/api.w.org\/{rel}","templated":true}]}}