{"id":455,"date":"2016-02-05T06:17:47","date_gmt":"2016-02-05T08:17:47","guid":{"rendered":"https:\/\/blogs2.correiobraziliense.com.br\/vicente\/?p=455"},"modified":"2016-02-05T09:18:53","modified_gmt":"2016-02-05T11:18:53","slug":"me-apoiem-por-favor","status":"publish","type":"post","link":"https:\/\/blogs2.correiobraziliense.com.br\/vicente\/me-apoiem-por-favor\/","title":{"rendered":"ME APOIEM, POR FAVOR"},"content":{"rendered":"<p>Os economistas que estiveram ontem com o ministro da Fazenda, Nelson Barbosa, acreditam que ele est\u00e1 \u00e1vido por obter respaldo para o que chama de reforma fiscal: limite para gastos p\u00fablicos e banda para o superavit prim\u00e1rio. Mas n\u00e3o ser\u00e1 f\u00e1cil.<\/p>\n","protected":false},"excerpt":{"rendered":"<p>Os economistas que estiveram ontem com o ministro da Fazenda, Nelson Barbosa, acreditam que ele est\u00e1 \u00e1vido por obter respaldo para o que chama de reforma fiscal: limite para gastos p\u00fablicos e banda para o superavit prim\u00e1rio. Mas n\u00e3o ser\u00e1 f\u00e1cil.<\/p>\n","protected":false},"author":22,"featured_media":0,"comment_status":"open","ping_status":"closed","sticky":false,"template":"","format":"standard","meta":{"wpb_read_more":[],"footnotes":""},"categories":[1],"tags":[],"class_list":["post-455","post","type-post","status-publish","format-standard","hentry","category-sem-categoria"],"_links":{"self":[{"href":"https:\/\/blogs2.correiobraziliense.com.br\/vicente\/wp-json\/wp\/v2\/posts\/455","targetHints":{"allow":["GET"]}}],"collection":[{"href":"https:\/\/blogs2.correiobraziliense.com.br\/vicente\/wp-json\/wp\/v2\/posts"}],"about":[{"href":"https:\/\/blogs2.correiobraziliense.com.br\/vicente\/wp-json\/wp\/v2\/types\/post"}],"author":[{"embeddable":true,"href":"https:\/\/blogs2.correiobraziliense.com.br\/vicente\/wp-json\/wp\/v2\/users\/22"}],"replies":[{"embeddable":true,"href":"https:\/\/blogs2.correiobraziliense.com.br\/vicente\/wp-json\/wp\/v2\/comments?post=455"}],"version-history":[{"count":1,"href":"https:\/\/blogs2.correiobraziliense.com.br\/vicente\/wp-json\/wp\/v2\/posts\/455\/revisions"}],"predecessor-version":[{"id":456,"href":"https:\/\/blogs2.correiobraziliense.com.br\/vicente\/wp-json\/wp\/v2\/posts\/455\/revisions\/456"}],"wp:attachment":[{"href":"https:\/\/blogs2.correiobraziliense.com.br\/vicente\/wp-json\/wp\/v2\/media?parent=455"}],"wp:term":[{"taxonomy":"category","embeddable":true,"href":"https:\/\/blogs2.correiobraziliense.com.br\/vicente\/wp-json\/wp\/v2\/categories?post=455"},{"taxonomy":"post_tag","embeddable":true,"href":"https:\/\/blogs2.correiobraziliense.com.br\/vicente\/wp-json\/wp\/v2\/tags?post=455"}],"curies":[{"name":"wp","href":"https:\/\/api.w.org\/{rel}","templated":true}]}}