{"id":457,"date":"2016-02-05T00:19:03","date_gmt":"2016-02-05T02:19:03","guid":{"rendered":"https:\/\/blogs2.correiobraziliense.com.br\/vicente\/?p=457"},"modified":"2016-02-05T13:00:44","modified_gmt":"2016-02-05T15:00:44","slug":"adesao-ao-funpresp","status":"publish","type":"post","link":"https:\/\/blogs2.correiobraziliense.com.br\/vicente\/adesao-ao-funpresp\/","title":{"rendered":"ADES\u00c3O AO FUNPRESP"},"content":{"rendered":"<p>A Funda\u00e7\u00e3o de Previd\u00eancia Complementar do Servidor P\u00fablico Federal do Poder Executivo (Funpresp-Exe), que est\u00e1 completando tr\u00eas anos, encerrou 2015 com 22,2 mil participantes. A taxa de ades\u00e3o no ano passado foi de 77%, ou seja, de cada 10 servidores que ingressaram no governo federal, quase oito aderiram ao sistema.<\/p>\n<p>&nbsp;<\/p>\n<p><strong>Patrim\u00f4nio de R$ 238 milh\u00f5es<\/strong><\/p>\n<p>&nbsp;<\/p>\n<p>A Funpresp-Exe tem 205 patrocinadores do Executivo e do Legislativo federal, com 125 carreiras. Arrecada, mensalmente, cerca de R$ 14 milh\u00f5es. O patrim\u00f4nio da entidade \u00e9 R$ 238 milh\u00f5es, com rentabilidade de 14,41% em 2015.<\/p>\n<p>&nbsp;<\/p>\n<p><em>Bras\u00edlia, 00h19min<\/em><\/p>\n","protected":false},"excerpt":{"rendered":"<p>A Funda\u00e7\u00e3o de Previd\u00eancia Complementar do Servidor P\u00fablico Federal do Poder Executivo (Funpresp-Exe), que est\u00e1 completando tr\u00eas anos, encerrou 2015 com 22,2 mil participantes. A taxa de ades\u00e3o no ano passado foi de 77%, ou seja, de cada 10 servidores que ingressaram no governo federal, quase oito aderiram ao sistema. &nbsp; Patrim\u00f4nio de R$ 238 [&hellip;]<\/p>\n","protected":false},"author":22,"featured_media":0,"comment_status":"open","ping_status":"closed","sticky":false,"template":"","format":"standard","meta":{"wpb_read_more":[],"footnotes":""},"categories":[1],"tags":[],"class_list":["post-457","post","type-post","status-publish","format-standard","hentry","category-sem-categoria"],"_links":{"self":[{"href":"https:\/\/blogs2.correiobraziliense.com.br\/vicente\/wp-json\/wp\/v2\/posts\/457","targetHints":{"allow":["GET"]}}],"collection":[{"href":"https:\/\/blogs2.correiobraziliense.com.br\/vicente\/wp-json\/wp\/v2\/posts"}],"about":[{"href":"https:\/\/blogs2.correiobraziliense.com.br\/vicente\/wp-json\/wp\/v2\/types\/post"}],"author":[{"embeddable":true,"href":"https:\/\/blogs2.correiobraziliense.com.br\/vicente\/wp-json\/wp\/v2\/users\/22"}],"replies":[{"embeddable":true,"href":"https:\/\/blogs2.correiobraziliense.com.br\/vicente\/wp-json\/wp\/v2\/comments?post=457"}],"version-history":[{"count":2,"href":"https:\/\/blogs2.correiobraziliense.com.br\/vicente\/wp-json\/wp\/v2\/posts\/457\/revisions"}],"predecessor-version":[{"id":459,"href":"https:\/\/blogs2.correiobraziliense.com.br\/vicente\/wp-json\/wp\/v2\/posts\/457\/revisions\/459"}],"wp:attachment":[{"href":"https:\/\/blogs2.correiobraziliense.com.br\/vicente\/wp-json\/wp\/v2\/media?parent=457"}],"wp:term":[{"taxonomy":"category","embeddable":true,"href":"https:\/\/blogs2.correiobraziliense.com.br\/vicente\/wp-json\/wp\/v2\/categories?post=457"},{"taxonomy":"post_tag","embeddable":true,"href":"https:\/\/blogs2.correiobraziliense.com.br\/vicente\/wp-json\/wp\/v2\/tags?post=457"}],"curies":[{"name":"wp","href":"https:\/\/api.w.org\/{rel}","templated":true}]}}