{"id":46,"date":"2015-02-13T15:50:00","date_gmt":"2015-02-13T17:50:00","guid":{"rendered":"https:\/\/blogs2.correiobraziliense.com.br\/vicente\/risco_em_disparada\/"},"modified":"2015-02-13T15:50:00","modified_gmt":"2015-02-13T17:50:00","slug":"risco_em_disparada","status":"publish","type":"post","link":"https:\/\/blogs2.correiobraziliense.com.br\/vicente\/risco_em_disparada\/","title":{"rendered":"RISCO EM DISPARADA"},"content":{"rendered":"\n<p>Um dos parlamentares mais influentes do PT, o partido da presidente Dilma, diz temer o momento em que n\u00e3o poder\u00e1 mais andar calmamente pelas ruas, diante do peso que o antipestimo est\u00e1 ganhando. Ele conta que a hostilidade ao partido que chegou ao poder prometendo resgatar a \u00e9tica, mas se tornou sin\u00f4nimo de corrup\u00e7\u00e3o, \u00e9 tamanha, que n\u00e3o descarta a possibilidade de um forte movimento popular tomar as ruas, quando todo o impacto do desastre econ\u00f4mico provocado por Dilma nos \u00faltimos quatro anos se fizer presente. Ser\u00e1 dif\u00edcil para a popula\u00e7\u00e3o, sobretudo a mais pobre, que votou em peso pela reelei\u00e7\u00e3o da petista, combinar recess\u00e3o, desemprego e infla\u00e7\u00e3o alta. <\/p>\n<p>Essa vis\u00e3o dram\u00e1tica do pa\u00eds n\u00e3o se restringe ao mundo pol\u00edtico. Entre os investidores, a desconfian\u00e7a tamb\u00e9m \u00e9 geral. Tanto no pa\u00eds quanto no exterior, todos se perguntam at\u00e9 que ponto Dilma ter\u00e1 f\u00f4lego para segurar uma crise pol\u00edtica decorrente do p\u00e9ssimo desempenho da economia. Para os que monitoram a press\u00e3o do pa\u00eds, as cobran\u00e7as populares tender\u00e3o a dificultar as j\u00e1 desgastadas rela\u00e7\u00f5es entre o Executivo e o Congresso Nacional. Se o governo est\u00e1 fraco hoje, acumulando derrotas em vota\u00e7\u00f5es importantes, ficar\u00e1 totalmente fragilizado para tocar projetos impopulares como o ajuste fiscal que o pa\u00eds tanto precisa para sair do atoleiro em que se encontra. <\/p>\n<p>O tamanho da preocupa\u00e7\u00e3o dos investidores com o Brasil pode ser medido pelo Credit Default Swap (CDS), um seguro contra risco negociado no mercado internacional. A taxa referente ao pa\u00eds vem subindo sistematicamente desde o fim de janeiro. Fechou ontem em 246 pontos, mais do que o dobro dos 111 pontos do M\u00e9xico e muito acima dos 151 pontos da Col\u00f4mbia e dos 165 da \u00cdndia. Na vis\u00e3o dos especialistas, o mais assustador \u00e9 que n\u00e3o h\u00e1 nada no horizonte que mude a tend\u00eancia de eleva\u00e7\u00e3o dessa taxa de risco. <\/p>\n<p>Do ponto de vista econ\u00f4mico, o pior est\u00e1 por vir, principalmente se for confirmado o racionamento de energia el\u00e9trica e de \u00e1gua e se o ministro da Fazenda, Joaquim Levy, n\u00e3o conseguir entregar o prometido superavit prim\u00e1rio (economia para o pagamento de juros) de 1,2% do Produto Interno Bruto (PIB). At\u00e9 h\u00e1 bem pouco tempo, a d\u00favida do mercado era se Dilma apoiaria as medidas fiscais. Agora, o questionamento \u00e9 se, mesmo com o apoio da presidente, a equipe econ\u00f4mica conseguir\u00e1 atingir a meta com a atividade mergulhando na recess\u00e3o. \u201cNo caso do ajuste fiscal, n\u00e3o haver\u00e1 perd\u00e3o. Os investidores v\u00e3o querer ver a entrega do superavit cheio\u201d, diz um especialista. <\/p>\n<p>Do lado pol\u00edtico, as den\u00fancias feitas pelos delatores presos por meio da Opera\u00e7\u00e3o Lava-Jato aproximam cada vez mais o Pal\u00e1cio do Planalto da corrup\u00e7\u00e3o que sugou o caixa da Petrobras. Por isso, acredita o cientista pol\u00edtico David Fleischer, da Universidade de Bras\u00edlia (UnB), ficar\u00e1 latente o debate em torno de um impeachment de Dilma. \u201cTudo indica que a presidente caminhar\u00e1 os pr\u00f3ximos dias como um pato manco, sem apoio popular e sem for\u00e7a no Congresso\u201d, afirma. \u201cA sensa\u00e7\u00e3o que se tem hoje, com menos de dois meses de governo, \u00e9 de fim de festa\u201d, emenda. <\/p>\n<p>Na avalia\u00e7\u00e3o de Fleischer, era grande a aposta de que a nova equipe econ\u00f4mica reverteria rapidamente a desconfian\u00e7a em rela\u00e7\u00e3o ao governo. Mas, depois de uma pequena lua de mel, o pessimismo voltou com tudo. E retornou por culpa da desastrada a\u00e7\u00e3o do Pal\u00e1cio do Planalto na disputa pela presid\u00eancia da C\u00e2mara dos Deputados e do motim criado pelo PT contra o pacote de medidas que corrigem distor\u00e7\u00f5es no seguro-desemprego, nas pens\u00f5es por morte e no abono salarial, ou seja, num governo assim, quem precisa de inimigos? <\/p>\n<p>Levy abre m\u00e3o da fantasia <\/p>\n<p>\u00bb Com o risco Brasil em disparada, o ministro da Fazenda, Joaquim Levy, nem vestir\u00e1 a fantasia de carnaval. Ele embarcar\u00e1 para Nova York na pr\u00f3xima ter\u00e7a-feira, para encontros com gente do mercado que anda estarrecida com a deteriora\u00e7\u00e3o pol\u00edtica e econ\u00f4mica do pa\u00eds. <\/p>\n<p>Or\u00e1culo de Delfim <\/p>\n<p>\u00bb Um grupo de analistas lembrava ontem uma conversa com Delfim Netto, ex-ministro da Fazenda, pouco antes das elei\u00e7\u00f5es presidenciais. O economista disse que a presidente Dilma Rousseff seria reeleita, mas, seis meses depois, aqueles de votaram nela estariam completamente arrependidos. <\/p>\n<p>BC joga a toalha <\/p>\n<p>\u00bb T\u00e9cnicos do Banco Central admitem que o PIB registrar\u00e1 queda no primeiro e no segundo trimestre de 2015. E ressaltam que n\u00e3o h\u00e1 garantia de que, no segundo semestre, a atividade voltar\u00e1 a reagir a fim de evitar que o resultado final do ano seja negativo. <\/p>\n<p>Favores ao PMDB <\/p>\n<p>\u00bb O PT est\u00e1 convencido de que a nomea\u00e7\u00e3o de Miriam Belchior para a presid\u00eancia da Caixa Econ\u00f4mica Federal n\u00e3o impedir\u00e1 que o PMDB avance sobre algumas das vice-presid\u00eancias da institui\u00e7\u00e3o. O partido acredita que Dilma Rousseff n\u00e3o lhe negar\u00e1 esse favor. <\/p>\n<p>Hereda abre a boca <\/p>\n<p>\u00bb Jorge Hereda, quase ex-presidente da Caixa, explicitou ontem por que foi defenestrado do cargo. Afirmou ser contra a abertura de capital do banco, proposta defendida com unhas e dentes por Joaquim Levy. <\/p>\n<p>Bras\u00edlia, 15h50min   <\/p>\n","protected":false},"excerpt":{"rendered":"<p>Um dos parlamentares mais influentes do PT, o partido da presidente Dilma, diz temer o momento em que n\u00e3o poder\u00e1 mais andar calmamente pelas ruas, diante do peso que o antipestimo est\u00e1 ganhando. Ele conta que a hostilidade ao partido que chegou ao poder prometendo resgatar a \u00e9tica, mas se tornou sin\u00f4nimo de corrup\u00e7\u00e3o, \u00e9 [&hellip;]<\/p>\n","protected":false},"author":22,"featured_media":0,"comment_status":"open","ping_status":"open","sticky":false,"template":"","format":"standard","meta":{"wpb_read_more":[],"footnotes":""},"categories":[1],"tags":[],"class_list":["post-46","post","type-post","status-publish","format-standard","hentry","category-sem-categoria"],"_links":{"self":[{"href":"https:\/\/blogs2.correiobraziliense.com.br\/vicente\/wp-json\/wp\/v2\/posts\/46","targetHints":{"allow":["GET"]}}],"collection":[{"href":"https:\/\/blogs2.correiobraziliense.com.br\/vicente\/wp-json\/wp\/v2\/posts"}],"about":[{"href":"https:\/\/blogs2.correiobraziliense.com.br\/vicente\/wp-json\/wp\/v2\/types\/post"}],"author":[{"embeddable":true,"href":"https:\/\/blogs2.correiobraziliense.com.br\/vicente\/wp-json\/wp\/v2\/users\/22"}],"replies":[{"embeddable":true,"href":"https:\/\/blogs2.correiobraziliense.com.br\/vicente\/wp-json\/wp\/v2\/comments?post=46"}],"version-history":[{"count":0,"href":"https:\/\/blogs2.correiobraziliense.com.br\/vicente\/wp-json\/wp\/v2\/posts\/46\/revisions"}],"wp:attachment":[{"href":"https:\/\/blogs2.correiobraziliense.com.br\/vicente\/wp-json\/wp\/v2\/media?parent=46"}],"wp:term":[{"taxonomy":"category","embeddable":true,"href":"https:\/\/blogs2.correiobraziliense.com.br\/vicente\/wp-json\/wp\/v2\/categories?post=46"},{"taxonomy":"post_tag","embeddable":true,"href":"https:\/\/blogs2.correiobraziliense.com.br\/vicente\/wp-json\/wp\/v2\/tags?post=46"}],"curies":[{"name":"wp","href":"https:\/\/api.w.org\/{rel}","templated":true}]}}