{"id":460,"date":"2016-02-05T13:13:04","date_gmt":"2016-02-05T15:13:04","guid":{"rendered":"https:\/\/blogs2.correiobraziliense.com.br\/vicente\/?p=460"},"modified":"2016-02-05T13:13:04","modified_gmt":"2016-02-05T15:13:04","slug":"sem-reformas-governo-pode-dar-calote-diz-marcos-lisboa","status":"publish","type":"post","link":"https:\/\/blogs2.correiobraziliense.com.br\/vicente\/sem-reformas-governo-pode-dar-calote-diz-marcos-lisboa\/","title":{"rendered":"SEM REFORMAS, GOVERNO PODE DAR CALOTE, DIZ MARCOS LISBOA"},"content":{"rendered":"<p>Um dos convidados do ministro da Fazenda, Nelson Barbosa, para debater o atual momento econ\u00f4mico, o presidente da escola de neg\u00f3cios Insper, Marcos Lisboa, alertou ontem para os riscos de o governo recorrer a inova\u00e7\u00f5es na \u00e1rea fiscal, como a ado\u00e7\u00e3o de um sistema de bandas para a meta de superavit prim\u00e1rio (economia para o pagamento de juros da d\u00edvida), medida que viria acompanhada de um limite para o aumento de gastos. \u201cN\u00e3o \u00e9 o momento de originalidade\u201d, disse.<\/p>\n<p>&nbsp;<\/p>\n<p>Segundo ele, de nada adiantar\u00e3o as inova\u00e7\u00f5es se o governo n\u00e3o fizer uma ampla reforma estrutural, a mais urgente delas, a da Previd\u00eancia Social. \u201cNo Brasil, as pessoas se aposentam com 55 anos, em m\u00e9dia. Na maior parte do mundo, a idade m\u00ednima \u00e9 de 65 anos\u201d, assinalou. \u201cEstamos diante de um modelo insustent\u00e1vel devido ao r\u00e1pido envelhecimento da popula\u00e7\u00e3o\u201d, acrescentou.<\/p>\n<p>&nbsp;<\/p>\n<p>Na avalia\u00e7\u00e3o de Lisboa, sem as reformas, os gastos continuar\u00e3o crescendo, independentemente de limites, e a possibilidade de o governo deixar de honrar seus compromissos se tornar\u00e1 real. \u201cPodemos chegar a uma situa\u00e7\u00e3o em que sal\u00e1rios de servidores deixar\u00e3o de ser pagos, assim com aposentadorias e pens\u00f5es\u201d, alertou. Essa realidade de calote j\u00e1 prevalece em v\u00e1rios estados, que s\u00e3o, hoje, o retrato mais fiel da falta de transpar\u00eancia nas contas p\u00fablicas.<\/p>\n<p>&nbsp;<\/p>\n<p>Para Lisboa, a crise na qual o Brasil mergulhou \u00e9 grave e este ano poder\u00e1 ser pior que 2015. Nas contas do economista, em apenas tr\u00eas anos \u2014 2014 a 2016 \u2014, o Produto Interno Bruto (PIB) per capita (a riqueza dividida pela popula\u00e7\u00e3o) registrar\u00e1 queda entre 8% e 10%. \u201cA crise \u00e9 aguda. O setor real da economia foi atingindo em cheio. A desorganiza\u00e7\u00e3o da produ\u00e7\u00e3o, por causa da interven\u00e7\u00e3o governamental, \u00e9 preocupante\u201d, destacou.<\/p>\n<p>&nbsp;<\/p>\n<p>O presidente do Insper enfatizou ainda que o desemprego se disseminou, e, agora, est\u00e1 vitimando os chefes de fam\u00edlia. \u201cNum primeiro momento, as demiss\u00f5es se concentraram entre os jovens e as mulheres. Mas se espalhou\u201d, disse. \u201cPortanto, \u00e9 urgente que o governo desmonte as distor\u00e7\u00f5es que imp\u00f4s \u00e0 economia\u201d, recomendou.<\/p>\n<p>&nbsp;<\/p>\n<p><em>Bras\u00edlia, 13h13min<\/em><\/p>\n","protected":false},"excerpt":{"rendered":"<p>Um dos convidados do ministro da Fazenda, Nelson Barbosa, para debater o atual momento econ\u00f4mico, o presidente da escola de neg\u00f3cios Insper, Marcos Lisboa, alertou ontem para os riscos de o governo recorrer a inova\u00e7\u00f5es na \u00e1rea fiscal, como a ado\u00e7\u00e3o de um sistema de bandas para a meta de superavit prim\u00e1rio (economia para o [&hellip;]<\/p>\n","protected":false},"author":22,"featured_media":0,"comment_status":"open","ping_status":"closed","sticky":false,"template":"","format":"standard","meta":{"wpb_read_more":[],"footnotes":""},"categories":[1],"tags":[],"class_list":["post-460","post","type-post","status-publish","format-standard","hentry","category-sem-categoria"],"_links":{"self":[{"href":"https:\/\/blogs2.correiobraziliense.com.br\/vicente\/wp-json\/wp\/v2\/posts\/460","targetHints":{"allow":["GET"]}}],"collection":[{"href":"https:\/\/blogs2.correiobraziliense.com.br\/vicente\/wp-json\/wp\/v2\/posts"}],"about":[{"href":"https:\/\/blogs2.correiobraziliense.com.br\/vicente\/wp-json\/wp\/v2\/types\/post"}],"author":[{"embeddable":true,"href":"https:\/\/blogs2.correiobraziliense.com.br\/vicente\/wp-json\/wp\/v2\/users\/22"}],"replies":[{"embeddable":true,"href":"https:\/\/blogs2.correiobraziliense.com.br\/vicente\/wp-json\/wp\/v2\/comments?post=460"}],"version-history":[{"count":1,"href":"https:\/\/blogs2.correiobraziliense.com.br\/vicente\/wp-json\/wp\/v2\/posts\/460\/revisions"}],"predecessor-version":[{"id":461,"href":"https:\/\/blogs2.correiobraziliense.com.br\/vicente\/wp-json\/wp\/v2\/posts\/460\/revisions\/461"}],"wp:attachment":[{"href":"https:\/\/blogs2.correiobraziliense.com.br\/vicente\/wp-json\/wp\/v2\/media?parent=460"}],"wp:term":[{"taxonomy":"category","embeddable":true,"href":"https:\/\/blogs2.correiobraziliense.com.br\/vicente\/wp-json\/wp\/v2\/categories?post=460"},{"taxonomy":"post_tag","embeddable":true,"href":"https:\/\/blogs2.correiobraziliense.com.br\/vicente\/wp-json\/wp\/v2\/tags?post=460"}],"curies":[{"name":"wp","href":"https:\/\/api.w.org\/{rel}","templated":true}]}}