{"id":462,"date":"2016-02-06T14:15:12","date_gmt":"2016-02-06T16:15:12","guid":{"rendered":"https:\/\/blogs2.correiobraziliense.com.br\/vicente\/?p=462"},"modified":"2016-02-06T14:15:12","modified_gmt":"2016-02-06T16:15:12","slug":"carnaval-da-crise","status":"publish","type":"post","link":"https:\/\/blogs2.correiobraziliense.com.br\/vicente\/carnaval-da-crise\/","title":{"rendered":"CARNAVAL DA CRISE"},"content":{"rendered":"<p>O Brasil entra com tudo hoje no clima de carnaval mergulhado em uma crise sem precedentes. Por onde quer que se olhe, s\u00f3 h\u00e1 not\u00edcias ruins. Em vez da alegria tradicional da festa de momo, os brasileiros v\u00e3o chorar as m\u00e1goas. Sabem que o futuro que lhes aguarda ser\u00e1 tenebroso. O governo est\u00e1 completamente perdido, e o Congresso, longe de resolver os problemas que nos condenam ao atraso.<\/p>\n<p>&nbsp;<\/p>\n<p>Antes de o pa\u00eds cair na folia, o Instituto Brasileiro de Geografia e Estat\u00edstica (IBGE) mostrou que a infla\u00e7\u00e3o n\u00e3o d\u00e1 tr\u00e9gua. Quando medida pelo \u00cdndice Nacional de Pre\u00e7os ao Consumidor (INPC), que reflete o custo de vida entre as fam\u00edlias que ganham at\u00e9 cinco sal\u00e1rios m\u00ednimos, a carestia passou de 2% em algumas capitais, como a do Rio de Janeiro. Isso confirma que s\u00e3o os mais pobres os que mais t\u00eam sofrido com a dissemina\u00e7\u00e3o dos reajustes.<\/p>\n<p>&nbsp;<\/p>\n<p>A infla\u00e7\u00e3o est\u00e1 subindo mesmo com o Brasil ostentando a maior taxa de juros do mundo, de 14,25% ao ano. Mas o que torna o quadro mais dram\u00e1tico \u00e9 o fato de o pa\u00eds estar em recess\u00e3o profunda. O maior banco privado do pa\u00eds, o Ita\u00fa Unibanco, j\u00e1 est\u00e1 prevendo queda de 4% para o Produto Interno Bruto (PIB) deste ano. Isso depois de o pa\u00eds encolher quase 4% em 2015. A institui\u00e7\u00e3o acredita que o desemprego, que est\u00e1 em 9%, saltar\u00e1 para 13% at\u00e9 dezembro.<\/p>\n<p>&nbsp;<\/p>\n<p>Na vis\u00e3o dos especialistas, n\u00e3o h\u00e1 perspectiva de redu\u00e7\u00e3o do custo de vida t\u00e3o cedo. Ainda que a infla\u00e7\u00e3o perca for\u00e7a nos pr\u00f3ximos meses, como prev\u00ea o Banco Central, ser\u00e1 muito pouco para dar al\u00edvio no or\u00e7amento das fam\u00edlias. Nas filas de supermercados, podem-se ouvir relatos de donas de casa que est\u00e3o sendo obrigadas a dividir em dois ou em at\u00e9 quatro peda\u00e7os o bife que a crian\u00e7ada n\u00e3o abre m\u00e3o. Os tempos de fartura, relatam elas, ficaram para tr\u00e1s.<\/p>\n<p>&nbsp;<\/p>\n<p><strong>Estado de p\u00e2nico<\/strong><\/p>\n<p>&nbsp;<\/p>\n<p>N\u00e3o bastassem lidar com a infla\u00e7\u00e3o alta, as fam\u00edlias est\u00e3o estarrecidas com a r\u00e1pida propaga\u00e7\u00e3o do zika v\u00edrus, causador da microcefalia. O p\u00e2nico \u00e9 tamanho, que muitas mulheres est\u00e3o suspendendo os planos de gravidez. Para um pa\u00eds que est\u00e1 enfrentando queda cont\u00ednua da taxa de natalidade, os reflexos mais \u00e0 frente podem ser dram\u00e1ticos. Os especialistas falam em \u201cdente demogr\u00e1fico\u201d, isto \u00e9, uma falha no ciclo de nascimento de crian\u00e7as.<\/p>\n<p>&nbsp;<\/p>\n<p>\u00c9 imposs\u00edvel dizer, neste momento, o tamanho do impacto que o zika v\u00edrus ter\u00e1 na economia brasileira. Mas, certamente, ser\u00e1 enorme, sobretudo porque o pa\u00eds est\u00e1 despreparado para lidar com essa mazela. O governo s\u00f3 decidiu agir depois de a porta ser arrombada. E, ainda assim, de forma descoordenada. N\u00e3o \u00e0 toa, em vez de se tranquilizar quando uma autoridade fala, a popula\u00e7\u00e3o fica mais apreensiva.<\/p>\n<p>&nbsp;<\/p>\n<p>O medo em rela\u00e7\u00e3o ao propagador do zika v\u00edrus, o Aedes aegypti, \u00e9 tamanho, que investidores estrangeiros que vinham prospectando neg\u00f3cios no Brasil resolveram interromper o processo at\u00e9 terem a exata no\u00e7\u00e3o de como o Brasil lidar\u00e1 com a doen\u00e7a. J\u00e1 se fala, inclusive, sobre a possibilidade de o Comit\u00ea Ol\u00edmpico Internacional (COI) suspender a realiza\u00e7\u00e3o dos Jogos Ol\u00edmpicos no Rio de Janeiro, o que seria um desastre para a imagem do pa\u00eds.<\/p>\n<p>&nbsp;<\/p>\n<p><strong>Passividade<\/strong><\/p>\n<p>&nbsp;<\/p>\n<p>Diante de tantos problemas enfrentados pelo Brasil, espera-se que a popula\u00e7\u00e3o, que tomar\u00e1 as ruas nos pr\u00f3ximos dias para curtir o carnaval, tamb\u00e9m mostre disposi\u00e7\u00e3o para cobrar o governo. A passividade com que o povo est\u00e1 lidando com a crise econ\u00f4mica, os desvios \u00e9ticos, as turbul\u00eancias pol\u00edticas e a propaga\u00e7\u00e3o de doen\u00e7as que deveriam estar erradicadas \u00e9 assustadora.<\/p>\n<p>&nbsp;<\/p>\n<p>Poucos se encorajam a exp\u00f4r, publicamente, o descontentamento com esse pa\u00eds esfacelado. Para o governo e o Congresso, esse \u00e9 o melhor dos mundos. Sem cobran\u00e7a efetiva, continuar\u00e3o cometendo os mesmos erros, usando os mesmos subterf\u00fagios para desviar dinheiro p\u00fablico, comprometendo o futuro de gera\u00e7\u00f5es. Nos \u00faltimos anos, o pa\u00eds aumentou a idade m\u00e9dia de estudo da popula\u00e7\u00e3o, e o acesso \u00e0 comunica\u00e7\u00e3o ficou muito, mas muito mais f\u00e1cil. \u00c9 uma pena, por\u00e9m, ver que nada disso se reverteu para uma melhor consci\u00eancia pol\u00edtica.<\/p>\n<p>&nbsp;<\/p>\n<p><em>Bras\u00edlia, 08h30min<\/em><\/p>\n","protected":false},"excerpt":{"rendered":"<p>O Brasil entra com tudo hoje no clima de carnaval mergulhado em uma crise sem precedentes. Por onde quer que se olhe, s\u00f3 h\u00e1 not\u00edcias ruins. Em vez da alegria tradicional da festa de momo, os brasileiros v\u00e3o chorar as m\u00e1goas. Sabem que o futuro que lhes aguarda ser\u00e1 tenebroso. O governo est\u00e1 completamente perdido, [&hellip;]<\/p>\n","protected":false},"author":22,"featured_media":0,"comment_status":"open","ping_status":"closed","sticky":false,"template":"","format":"standard","meta":{"wpb_read_more":[],"footnotes":""},"categories":[1],"tags":[],"class_list":["post-462","post","type-post","status-publish","format-standard","hentry","category-sem-categoria"],"_links":{"self":[{"href":"https:\/\/blogs2.correiobraziliense.com.br\/vicente\/wp-json\/wp\/v2\/posts\/462","targetHints":{"allow":["GET"]}}],"collection":[{"href":"https:\/\/blogs2.correiobraziliense.com.br\/vicente\/wp-json\/wp\/v2\/posts"}],"about":[{"href":"https:\/\/blogs2.correiobraziliense.com.br\/vicente\/wp-json\/wp\/v2\/types\/post"}],"author":[{"embeddable":true,"href":"https:\/\/blogs2.correiobraziliense.com.br\/vicente\/wp-json\/wp\/v2\/users\/22"}],"replies":[{"embeddable":true,"href":"https:\/\/blogs2.correiobraziliense.com.br\/vicente\/wp-json\/wp\/v2\/comments?post=462"}],"version-history":[{"count":1,"href":"https:\/\/blogs2.correiobraziliense.com.br\/vicente\/wp-json\/wp\/v2\/posts\/462\/revisions"}],"predecessor-version":[{"id":463,"href":"https:\/\/blogs2.correiobraziliense.com.br\/vicente\/wp-json\/wp\/v2\/posts\/462\/revisions\/463"}],"wp:attachment":[{"href":"https:\/\/blogs2.correiobraziliense.com.br\/vicente\/wp-json\/wp\/v2\/media?parent=462"}],"wp:term":[{"taxonomy":"category","embeddable":true,"href":"https:\/\/blogs2.correiobraziliense.com.br\/vicente\/wp-json\/wp\/v2\/categories?post=462"},{"taxonomy":"post_tag","embeddable":true,"href":"https:\/\/blogs2.correiobraziliense.com.br\/vicente\/wp-json\/wp\/v2\/tags?post=462"}],"curies":[{"name":"wp","href":"https:\/\/api.w.org\/{rel}","templated":true}]}}