{"id":464,"date":"2016-02-06T00:17:27","date_gmt":"2016-02-06T02:17:27","guid":{"rendered":"https:\/\/blogs2.correiobraziliense.com.br\/vicente\/?p=464"},"modified":"2016-02-06T14:17:05","modified_gmt":"2016-02-06T16:17:05","slug":"tensao-na-fazenda","status":"publish","type":"post","link":"https:\/\/blogs2.correiobraziliense.com.br\/vicente\/tensao-na-fazenda\/","title":{"rendered":"TENS\u00c3O NA FAZENDA"},"content":{"rendered":"<p>O governo deve anunciar a t\u00e3o propagandeada reforma administrativa no pr\u00f3ximo dia 19. Mas h\u00e1 uma grande preocupa\u00e7\u00e3o no Minist\u00e9rio da Fazenda, devido \u00e0 fus\u00e3o da Secretaria de Acompanhamento Econ\u00f4mico (Seae) com a Secretaria de Pol\u00edtica Econ\u00f4mica (SPE). Teme-se que todo o trabalho de est\u00edmulo \u00e0 competi\u00e7\u00e3o e \u00e0 melhoria do ambiente de neg\u00f3cios, tocado pela Seae, seja esmagado pelo debate macroecon\u00f4mico.<\/p>\n<p>&nbsp;<\/p>\n<p><strong>Distor\u00e7\u00e3o e inefici\u00eancia<\/strong><\/p>\n<p>&nbsp;<\/p>\n<p>Para t\u00e9cnicos da Fazenda, em vez de extinguir a Seae, a Fazenda poderia enxugar v\u00e1rias estruturas que se sobrep\u00f5em e s\u00e3o exemplos de inefici\u00eancia. A secret\u00e1ria executiva, por exemplo, disp\u00f5e de duas subsecretarias que fazem as mesmas coisas que a \u00e1rea administrativa e a SPE. N\u00e3o \u00e9 s\u00f3: a Seae ser\u00e1 extinta, mas nada indica que os cargos que ela abriga ser\u00e3o fechados. Na verdade, o ministro Nelson Barbosa s\u00f3 quer dizer que deu sua contribui\u00e7\u00e3o para o ajuste.<\/p>\n<p>&nbsp;<\/p>\n<p><em>Bras\u00edlia, 00h17min<\/em><\/p>\n","protected":false},"excerpt":{"rendered":"<p>O governo deve anunciar a t\u00e3o propagandeada reforma administrativa no pr\u00f3ximo dia 19. Mas h\u00e1 uma grande preocupa\u00e7\u00e3o no Minist\u00e9rio da Fazenda, devido \u00e0 fus\u00e3o da Secretaria de Acompanhamento Econ\u00f4mico (Seae) com a Secretaria de Pol\u00edtica Econ\u00f4mica (SPE). Teme-se que todo o trabalho de est\u00edmulo \u00e0 competi\u00e7\u00e3o e \u00e0 melhoria do ambiente de neg\u00f3cios, tocado [&hellip;]<\/p>\n","protected":false},"author":22,"featured_media":0,"comment_status":"open","ping_status":"closed","sticky":false,"template":"","format":"standard","meta":{"wpb_read_more":[],"footnotes":""},"categories":[1],"tags":[],"class_list":["post-464","post","type-post","status-publish","format-standard","hentry","category-sem-categoria"],"_links":{"self":[{"href":"https:\/\/blogs2.correiobraziliense.com.br\/vicente\/wp-json\/wp\/v2\/posts\/464","targetHints":{"allow":["GET"]}}],"collection":[{"href":"https:\/\/blogs2.correiobraziliense.com.br\/vicente\/wp-json\/wp\/v2\/posts"}],"about":[{"href":"https:\/\/blogs2.correiobraziliense.com.br\/vicente\/wp-json\/wp\/v2\/types\/post"}],"author":[{"embeddable":true,"href":"https:\/\/blogs2.correiobraziliense.com.br\/vicente\/wp-json\/wp\/v2\/users\/22"}],"replies":[{"embeddable":true,"href":"https:\/\/blogs2.correiobraziliense.com.br\/vicente\/wp-json\/wp\/v2\/comments?post=464"}],"version-history":[{"count":1,"href":"https:\/\/blogs2.correiobraziliense.com.br\/vicente\/wp-json\/wp\/v2\/posts\/464\/revisions"}],"predecessor-version":[{"id":465,"href":"https:\/\/blogs2.correiobraziliense.com.br\/vicente\/wp-json\/wp\/v2\/posts\/464\/revisions\/465"}],"wp:attachment":[{"href":"https:\/\/blogs2.correiobraziliense.com.br\/vicente\/wp-json\/wp\/v2\/media?parent=464"}],"wp:term":[{"taxonomy":"category","embeddable":true,"href":"https:\/\/blogs2.correiobraziliense.com.br\/vicente\/wp-json\/wp\/v2\/categories?post=464"},{"taxonomy":"post_tag","embeddable":true,"href":"https:\/\/blogs2.correiobraziliense.com.br\/vicente\/wp-json\/wp\/v2\/tags?post=464"}],"curies":[{"name":"wp","href":"https:\/\/api.w.org\/{rel}","templated":true}]}}