{"id":47,"date":"2015-02-14T00:01:00","date_gmt":"2015-02-14T02:01:00","guid":{"rendered":"https:\/\/blogs2.correiobraziliense.com.br\/vicente\/a_real_do_carnaval\/"},"modified":"2015-02-14T00:01:00","modified_gmt":"2015-02-14T02:01:00","slug":"a_real_do_carnaval","status":"publish","type":"post","link":"https:\/\/blogs2.correiobraziliense.com.br\/vicente\/a_real_do_carnaval\/","title":{"rendered":"A REAL DO CARNAVAL"},"content":{"rendered":"\n<p>O Brasil mergulha hoje na folia do carnaval ciente de que o que lhe espera na quarta-feira de Cinzas \u00e9 uma realidade desanimadora. Al\u00e9m dos dois fantasmas que est\u00e3o \u00e0 espreita, prontos para botar o bloco na rua \u2014 o desemprego e o racionamento de energia el\u00e9trica e \u00e1gua \u2014, os consumidores v\u00e3o se deparar com uma infla\u00e7\u00e3o de quase 7,5%, contas de luz com novo reajuste, d\u00f3lar caminhando para os R$ 3 e impostos (IPVA e IPTU) bem maiores do que o imaginado. A ressaca da festa de momo se somar\u00e1 \u00e0 dor da parte mais sens\u00edvel do corpo, o bolso. <\/p>\n<p>O governo recorreu, o quanto p\u00f4de, ao ilusionismo na economia. Segurou tarifas p\u00fablicas para manter a infla\u00e7\u00e3o dentro das metas, gastou sem qualquer crit\u00e9rio e abusou na ado\u00e7\u00e3o de medidas inconsistentes para criar uma falsa sensa\u00e7\u00e3o de que tudo estava bem. Acreditou que, com base no marketing, conseguiria manter o controle da situa\u00e7\u00e3o. O samba desafinado dos quatro \u00faltimos anos resultou, por\u00e9m, em uma fatura pesada. E ela ser\u00e1 paga pela parte mais fr\u00e1gil do processo, a popula\u00e7\u00e3o. N\u00e3o h\u00e1 outra alternativa. <\/p>\n<p>Entre os assessores da presidente Dilma Rousseff, o discurso \u00e9 de que o carnaval ser\u00e1 importante para esfriar os \u00e2nimos, permitir ao governo juntar os cacos e partir para o ataque, mesmo que, do ponto de vista econ\u00f4mico, o pior ainda esteja por vir. O Pal\u00e1cio do Planalto acredita que, se conseguir restabelecer pontes com o Congresso e convencer a base aliada, sobretudo o PT, da import\u00e2ncia dos ajustes propostos pelo ministro da Fazenda, Joaquim Levy, para arrumar a casa, ter\u00e1 f\u00f4lego para lidar com a press\u00e3o popular que tende a crescer \u00e0 medida que a recess\u00e3o mostrar as garras. \u201cN\u00e3o d\u00e1 para continuarmos fragilizados nas duas pontas, na pol\u00edtica e na economia\u201d, reconhece um auxiliar palaciano. \u201cEnt\u00e3o, vamos tentar pelo menos recompor a nossa base aliada\u201d, emenda. <\/p>\n<p>T\u00e9cnicos da equipe econ\u00f4mica torcem, contudo, para que, no retiro de carnaval, na Bahia, Dilma admita o tamanho do problema que tem pela frente. De nada adiantar\u00e1 articula\u00e7\u00f5es do ex-presidente Lula ou de aliados para reverter o pessimismo que minou o pa\u00eds, se a chefe do Executivo insistir em meter os p\u00e9s pelas m\u00e3os. Com menos de 40 dias de segundo mandato, o atual governo est\u00e1 com cara de velho, de fim de festa. E s\u00f3 Dilma, ningu\u00e9m mais, ser\u00e1 capaz de reverter esse quadro. <\/p>\n<p>Na avalia\u00e7\u00e3o da economista Mariana Hauer, do Banco ABC Brasil, teremos, pela frente, um processo penoso. \u201cA recess\u00e3o j\u00e1 est\u00e1 dada. O que resta saber \u00e9 a intensidade dela. Mas tudo leva a crer que (o tombo no Produto Interno Bruto, PIB) poder\u00e1 ser de mais de 2% se tivermos racionamento de energia e \u00e1gua\u201d, diz. Em rela\u00e7\u00e3o ao d\u00f3lar, a discuss\u00e3o n\u00e3o \u00e9 se chegar\u00e1 aos R$ 3, mas quando. Ela ressalta que, apenas para fechar as contas externas \u2014 que apontam um buraco de US$ 90 bilh\u00f5es \u2014 o pa\u00eds precisa de US$ 30 bilh\u00f5es de especuladores. A obten\u00e7\u00e3o desses recursos n\u00e3o seria problema se o Brasil ainda ostentasse o t\u00edtulo de \u201cqueridinho\u201d. Infelizmente, est\u00e1 na lista dos desafetos do capital. <\/p>\n<p>Mariana ressalta que o esc\u00e2ndalo da Petrobras tende a reduzir, em pelo menos US$ 15 bilh\u00f5es, a capta\u00e7\u00e3o de recursos no exterior. Esse era o montante esperado da contribui\u00e7\u00e3o que a estatal daria ao financiamento do pa\u00eds. Mas todas as portas est\u00e3o fechadas \u00e0 companhia, diante da corrup\u00e7\u00e3o que destruiu o caixa dela e jogou a imagem do Brasil no limbo. Assim, restar\u00e3o tr\u00eas alternativas: atrair mais capital especulativo, o Banco Central vender reservas internacionais ou o d\u00f3lar disparar para fazer o trabalho sujo do ajuste nas contas externas. <\/p>\n<p>Pelo que indicou o governo at\u00e9 agora, a aposta \u00e9 de que, com os juros nas alturas \u2014 12,25% ao ano \u2014, os estrangeiros se sentir\u00e3o confort\u00e1veis para despejar recursos no pa\u00eds. Mas \u00e9 preciso cautela. Com a recupera\u00e7\u00e3o da economia dos Estados Unidos, a tend\u00eancia de valoriza\u00e7\u00e3o da divisa norte-americana ante as demais moedas do mundo \u00e9 natural. E, com o mercado de trabalho se fortalecendo nos EUA, o Federal Reserve (Fed) deve elevar as taxas de juros em junho pr\u00f3ximo, atraindo parte dos recursos que hoje irrigam os pa\u00edses emergentes. Com essas for\u00e7as monumentais se colocando no meio do caminho, ficar\u00e1 dif\u00edcil para o Brasil seguir na dire\u00e7\u00e3o mais f\u00e1cil. <\/p>\n<p><b>Trabalho sem comunica\u00e7\u00e3o<\/b> <\/p>\n<p>\u00bb A disputa pela comunica\u00e7\u00e3o do Minist\u00e9rio do Trabalho virou uma guerra judicial. No fim de julho do ano passado, a empresa que venceu o processo seletivo, ao oferecer o menor pre\u00e7o, apresentou problemas de documenta\u00e7\u00e3o, s\u00f3 solucionados ap\u00f3s o prazo previsto em edital. A segunda colocada foi, ent\u00e3o, declarada vencedora. Mas liminar obtida pela firma desclassificada travou o neg\u00f3cio. A briga envolve contrato de R$ 6,4 milh\u00f5es por ano. <\/p>\n<p><b>Processo parado no Minist\u00e9rio P\u00fablico<\/b> <\/p>\n<p>\u00bb Diante do impasse, o Minist\u00e9rio P\u00fablico Federal (MPF) emitiu parecer compreendendo que a empresa que perdeu o prazo para apresentar a documenta\u00e7\u00e3o n\u00e3o pode assumir no Minist\u00e9rio do Trabalho. O caso est\u00e1 no gabinete do desembargador federal Daniel Paes Ribeiro, que ainda n\u00e3o analisou parecer da Advocacia-Geral da Uni\u00e3o (AGU).<b> <\/p>\n<p><\/b><b>Parceria de R$ 46 milh\u00f5es<\/b> <\/p>\n<p>\u00bb A Unisys e o Banco de Bras\u00edlia (BRB) renovaram contrato na \u00e1rea de tecnologia por mais tr\u00eas anos. Os servi\u00e7os prestados pela gigante internacional custar\u00e3o R$ 46 milh\u00f5es. <\/p>\n<p><i>Bras\u00edlia, 00h01min<\/i>   <\/p>\n","protected":false},"excerpt":{"rendered":"<p>O Brasil mergulha hoje na folia do carnaval ciente de que o que lhe espera na quarta-feira de Cinzas \u00e9 uma realidade desanimadora. Al\u00e9m dos dois fantasmas que est\u00e3o \u00e0 espreita, prontos para botar o bloco na rua \u2014 o desemprego e o racionamento de energia el\u00e9trica e \u00e1gua \u2014, os consumidores v\u00e3o se deparar [&hellip;]<\/p>\n","protected":false},"author":22,"featured_media":0,"comment_status":"open","ping_status":"open","sticky":false,"template":"","format":"standard","meta":{"wpb_read_more":[],"footnotes":""},"categories":[1],"tags":[],"class_list":["post-47","post","type-post","status-publish","format-standard","hentry","category-sem-categoria"],"_links":{"self":[{"href":"https:\/\/blogs2.correiobraziliense.com.br\/vicente\/wp-json\/wp\/v2\/posts\/47","targetHints":{"allow":["GET"]}}],"collection":[{"href":"https:\/\/blogs2.correiobraziliense.com.br\/vicente\/wp-json\/wp\/v2\/posts"}],"about":[{"href":"https:\/\/blogs2.correiobraziliense.com.br\/vicente\/wp-json\/wp\/v2\/types\/post"}],"author":[{"embeddable":true,"href":"https:\/\/blogs2.correiobraziliense.com.br\/vicente\/wp-json\/wp\/v2\/users\/22"}],"replies":[{"embeddable":true,"href":"https:\/\/blogs2.correiobraziliense.com.br\/vicente\/wp-json\/wp\/v2\/comments?post=47"}],"version-history":[{"count":0,"href":"https:\/\/blogs2.correiobraziliense.com.br\/vicente\/wp-json\/wp\/v2\/posts\/47\/revisions"}],"wp:attachment":[{"href":"https:\/\/blogs2.correiobraziliense.com.br\/vicente\/wp-json\/wp\/v2\/media?parent=47"}],"wp:term":[{"taxonomy":"category","embeddable":true,"href":"https:\/\/blogs2.correiobraziliense.com.br\/vicente\/wp-json\/wp\/v2\/categories?post=47"},{"taxonomy":"post_tag","embeddable":true,"href":"https:\/\/blogs2.correiobraziliense.com.br\/vicente\/wp-json\/wp\/v2\/tags?post=47"}],"curies":[{"name":"wp","href":"https:\/\/api.w.org\/{rel}","templated":true}]}}