{"id":471,"date":"2016-02-16T03:30:20","date_gmt":"2016-02-16T05:30:20","guid":{"rendered":"https:\/\/blogs2.correiobraziliense.com.br\/vicente\/?p=471"},"modified":"2016-02-16T13:19:09","modified_gmt":"2016-02-16T15:19:09","slug":"a-senha-de-volpon","status":"publish","type":"post","link":"https:\/\/blogs2.correiobraziliense.com.br\/vicente\/a-senha-de-volpon\/","title":{"rendered":"A SENHA DE VOLPON"},"content":{"rendered":"<p>\u00bb A senha principal a ser dada pelo Copom em rela\u00e7\u00e3o aos rumos da Selic vir\u00e1 do diretor de Assuntos Internacionais, Tony Volpon. Se ele votar pela manuten\u00e7\u00e3o dos juros, ao contr\u00e1rio do que fez nas duas \u00faltimas reuni\u00f5es, quando defendeu alta de 0,5 ponto percentual, o corte poder\u00e1 vir em abril.<\/p>\n","protected":false},"excerpt":{"rendered":"<p>\u00bb A senha principal a ser dada pelo Copom em rela\u00e7\u00e3o aos rumos da Selic vir\u00e1 do diretor de Assuntos Internacionais, Tony Volpon. Se ele votar pela manuten\u00e7\u00e3o dos juros, ao contr\u00e1rio do que fez nas duas \u00faltimas reuni\u00f5es, quando defendeu alta de 0,5 ponto percentual, o corte poder\u00e1 vir em abril.<\/p>\n","protected":false},"author":22,"featured_media":0,"comment_status":"open","ping_status":"closed","sticky":false,"template":"","format":"standard","meta":{"wpb_read_more":[],"footnotes":""},"categories":[1],"tags":[],"class_list":["post-471","post","type-post","status-publish","format-standard","hentry","category-sem-categoria"],"_links":{"self":[{"href":"https:\/\/blogs2.correiobraziliense.com.br\/vicente\/wp-json\/wp\/v2\/posts\/471","targetHints":{"allow":["GET"]}}],"collection":[{"href":"https:\/\/blogs2.correiobraziliense.com.br\/vicente\/wp-json\/wp\/v2\/posts"}],"about":[{"href":"https:\/\/blogs2.correiobraziliense.com.br\/vicente\/wp-json\/wp\/v2\/types\/post"}],"author":[{"embeddable":true,"href":"https:\/\/blogs2.correiobraziliense.com.br\/vicente\/wp-json\/wp\/v2\/users\/22"}],"replies":[{"embeddable":true,"href":"https:\/\/blogs2.correiobraziliense.com.br\/vicente\/wp-json\/wp\/v2\/comments?post=471"}],"version-history":[{"count":1,"href":"https:\/\/blogs2.correiobraziliense.com.br\/vicente\/wp-json\/wp\/v2\/posts\/471\/revisions"}],"predecessor-version":[{"id":472,"href":"https:\/\/blogs2.correiobraziliense.com.br\/vicente\/wp-json\/wp\/v2\/posts\/471\/revisions\/472"}],"wp:attachment":[{"href":"https:\/\/blogs2.correiobraziliense.com.br\/vicente\/wp-json\/wp\/v2\/media?parent=471"}],"wp:term":[{"taxonomy":"category","embeddable":true,"href":"https:\/\/blogs2.correiobraziliense.com.br\/vicente\/wp-json\/wp\/v2\/categories?post=471"},{"taxonomy":"post_tag","embeddable":true,"href":"https:\/\/blogs2.correiobraziliense.com.br\/vicente\/wp-json\/wp\/v2\/tags?post=471"}],"curies":[{"name":"wp","href":"https:\/\/api.w.org\/{rel}","templated":true}]}}