{"id":473,"date":"2016-02-16T02:19:54","date_gmt":"2016-02-16T04:19:54","guid":{"rendered":"https:\/\/blogs2.correiobraziliense.com.br\/vicente\/?p=473"},"modified":"2016-02-16T13:20:29","modified_gmt":"2016-02-16T15:20:29","slug":"terreno-pavimentado","status":"publish","type":"post","link":"https:\/\/blogs2.correiobraziliense.com.br\/vicente\/terreno-pavimentado\/","title":{"rendered":"TERRENO PAVIMENTADO"},"content":{"rendered":"<p>\u00bb Parte dos analistas privados acredita que, mesmo com a infla\u00e7\u00e3o pr\u00f3xima de 8%, o Comit\u00ea de Pol\u00edtica Monet\u00e1ria (Copom) do Banco Central acabar\u00e1 sucumbindo \u00e0 gravidade da recess\u00e3o e do desemprego e come\u00e7ar\u00e1 a reduzir os juros a partir de abril. O terreno para isso j\u00e1 est\u00e1 sendo pavimentado.<\/p>\n","protected":false},"excerpt":{"rendered":"<p>\u00bb Parte dos analistas privados acredita que, mesmo com a infla\u00e7\u00e3o pr\u00f3xima de 8%, o Comit\u00ea de Pol\u00edtica Monet\u00e1ria (Copom) do Banco Central acabar\u00e1 sucumbindo \u00e0 gravidade da recess\u00e3o e do desemprego e come\u00e7ar\u00e1 a reduzir os juros a partir de abril. O terreno para isso j\u00e1 est\u00e1 sendo pavimentado.<\/p>\n","protected":false},"author":22,"featured_media":0,"comment_status":"open","ping_status":"closed","sticky":false,"template":"","format":"standard","meta":{"wpb_read_more":[],"footnotes":""},"categories":[1],"tags":[],"class_list":["post-473","post","type-post","status-publish","format-standard","hentry","category-sem-categoria"],"_links":{"self":[{"href":"https:\/\/blogs2.correiobraziliense.com.br\/vicente\/wp-json\/wp\/v2\/posts\/473","targetHints":{"allow":["GET"]}}],"collection":[{"href":"https:\/\/blogs2.correiobraziliense.com.br\/vicente\/wp-json\/wp\/v2\/posts"}],"about":[{"href":"https:\/\/blogs2.correiobraziliense.com.br\/vicente\/wp-json\/wp\/v2\/types\/post"}],"author":[{"embeddable":true,"href":"https:\/\/blogs2.correiobraziliense.com.br\/vicente\/wp-json\/wp\/v2\/users\/22"}],"replies":[{"embeddable":true,"href":"https:\/\/blogs2.correiobraziliense.com.br\/vicente\/wp-json\/wp\/v2\/comments?post=473"}],"version-history":[{"count":1,"href":"https:\/\/blogs2.correiobraziliense.com.br\/vicente\/wp-json\/wp\/v2\/posts\/473\/revisions"}],"predecessor-version":[{"id":474,"href":"https:\/\/blogs2.correiobraziliense.com.br\/vicente\/wp-json\/wp\/v2\/posts\/473\/revisions\/474"}],"wp:attachment":[{"href":"https:\/\/blogs2.correiobraziliense.com.br\/vicente\/wp-json\/wp\/v2\/media?parent=473"}],"wp:term":[{"taxonomy":"category","embeddable":true,"href":"https:\/\/blogs2.correiobraziliense.com.br\/vicente\/wp-json\/wp\/v2\/categories?post=473"},{"taxonomy":"post_tag","embeddable":true,"href":"https:\/\/blogs2.correiobraziliense.com.br\/vicente\/wp-json\/wp\/v2\/tags?post=473"}],"curies":[{"name":"wp","href":"https:\/\/api.w.org\/{rel}","templated":true}]}}