{"id":475,"date":"2016-02-16T00:21:27","date_gmt":"2016-02-16T02:21:27","guid":{"rendered":"https:\/\/blogs2.correiobraziliense.com.br\/vicente\/?p=475"},"modified":"2016-02-16T13:22:56","modified_gmt":"2016-02-16T15:22:56","slug":"dilma-e-rossetto","status":"publish","type":"post","link":"https:\/\/blogs2.correiobraziliense.com.br\/vicente\/dilma-e-rossetto\/","title":{"rendered":"DILMA E ROSSETTO"},"content":{"rendered":"<p>\u00bb Ningu\u00e9m no governo representa melhor o pensamento de Dilma Rousseff em rela\u00e7\u00e3o \u00e0 reforma previdenci\u00e1ria do que o ministro do Trabalho e da Previd\u00eancia, Miguel Rossetto. No que depender dele, tudo fica como est\u00e1.<\/p>\n","protected":false},"excerpt":{"rendered":"<p>\u00bb Ningu\u00e9m no governo representa melhor o pensamento de Dilma Rousseff em rela\u00e7\u00e3o \u00e0 reforma previdenci\u00e1ria do que o ministro do Trabalho e da Previd\u00eancia, Miguel Rossetto. No que depender dele, tudo fica como est\u00e1.<\/p>\n","protected":false},"author":22,"featured_media":0,"comment_status":"open","ping_status":"closed","sticky":false,"template":"","format":"standard","meta":{"wpb_read_more":[],"footnotes":""},"categories":[1],"tags":[],"class_list":["post-475","post","type-post","status-publish","format-standard","hentry","category-sem-categoria"],"_links":{"self":[{"href":"https:\/\/blogs2.correiobraziliense.com.br\/vicente\/wp-json\/wp\/v2\/posts\/475","targetHints":{"allow":["GET"]}}],"collection":[{"href":"https:\/\/blogs2.correiobraziliense.com.br\/vicente\/wp-json\/wp\/v2\/posts"}],"about":[{"href":"https:\/\/blogs2.correiobraziliense.com.br\/vicente\/wp-json\/wp\/v2\/types\/post"}],"author":[{"embeddable":true,"href":"https:\/\/blogs2.correiobraziliense.com.br\/vicente\/wp-json\/wp\/v2\/users\/22"}],"replies":[{"embeddable":true,"href":"https:\/\/blogs2.correiobraziliense.com.br\/vicente\/wp-json\/wp\/v2\/comments?post=475"}],"version-history":[{"count":1,"href":"https:\/\/blogs2.correiobraziliense.com.br\/vicente\/wp-json\/wp\/v2\/posts\/475\/revisions"}],"predecessor-version":[{"id":476,"href":"https:\/\/blogs2.correiobraziliense.com.br\/vicente\/wp-json\/wp\/v2\/posts\/475\/revisions\/476"}],"wp:attachment":[{"href":"https:\/\/blogs2.correiobraziliense.com.br\/vicente\/wp-json\/wp\/v2\/media?parent=475"}],"wp:term":[{"taxonomy":"category","embeddable":true,"href":"https:\/\/blogs2.correiobraziliense.com.br\/vicente\/wp-json\/wp\/v2\/categories?post=475"},{"taxonomy":"post_tag","embeddable":true,"href":"https:\/\/blogs2.correiobraziliense.com.br\/vicente\/wp-json\/wp\/v2\/tags?post=475"}],"curies":[{"name":"wp","href":"https:\/\/api.w.org\/{rel}","templated":true}]}}