{"id":477,"date":"2016-02-17T11:25:52","date_gmt":"2016-02-17T13:25:52","guid":{"rendered":"https:\/\/blogs2.correiobraziliense.com.br\/vicente\/?p=477"},"modified":"2016-02-17T11:25:52","modified_gmt":"2016-02-17T13:25:52","slug":"pressao-das-ruas","status":"publish","type":"post","link":"https:\/\/blogs2.correiobraziliense.com.br\/vicente\/pressao-das-ruas\/","title":{"rendered":"PRESS\u00c3O DAS RUAS"},"content":{"rendered":"<p>O ex-presidente Lula profetizou: se a economia n\u00e3o melhorar at\u00e9 junho, o povo vai se rebelar de vez contra a presidente Dilma Rousseff. Isso significa dizer: sair do marasmo e ocupar as ruas. \u00c9 verdade que todas as falas de Lula v\u00eam carregadas de exageros, para o bem ou para mal. Mas, desta vez, ele pode estar coberto de raz\u00e3o. A insatisfa\u00e7\u00e3o da popula\u00e7\u00e3o \u00e9 crescente. E como n\u00e3o h\u00e1 perspectiva de recupera\u00e7\u00e3o da atividade nos pr\u00f3ximos meses \u2014 pelo contr\u00e1rio, a tend\u00eancia de piora \u00e9 vis\u00edvel \u2014, Dilma deve se preparar para uma press\u00e3o avassaladora.<\/p>\n<p>&nbsp;<\/p>\n<p>N\u00e3o \u00e9 por acaso que a presidente est\u00e1 tentando se aproximar do Congresso e prometendo fazer a pol\u00eamica reforma da Previd\u00eancia Social. De um lado, ela tenta consolidar apoio entre os parlamentares que podem votar em um poss\u00edvel processo de impeachment. De outro, indica ao mercado financeiro que est\u00e1 disposta a resolver o principal problema das contas p\u00fablicas. Dez entre 10 analistas apontam o atual modelo previdenci\u00e1rio como insustent\u00e1vel, capaz de levar o pa\u00eds \u00e0 bancarrota. Se Dilma realmente encaminhar a proposta de reforma ao Legislativo, ganhar\u00e1 alguns pontos entre os investidores.<\/p>\n<p>&nbsp;<\/p>\n<p>Ningu\u00e9m acredita, por\u00e9m, no sucesso da empreitada da presidente. Ela sequer consegue aglutinar votos em seu partido, o PT. Promete reformar a previd\u00eancia, mas ainda n\u00e3o tem um projeto fechado. Isso confirma que esse governo s\u00f3 funciona a base de improvisos. Por isso, coleciona tantos fracassos. Desde que come\u00e7ou o segundo mandato, a petista lan\u00e7ou uma s\u00e9rie de medidas com o intuito de conter a deteriora\u00e7\u00e3o fiscal. Mas s\u00f3 entregou frustra\u00e7\u00e3o. Nada, nem mesmo nos tempos de Joaquim Levy no comando do Minist\u00e9rio da Fazenda, foi adiante.<\/p>\n<p>&nbsp;<\/p>\n<p><strong>Equ\u00edvocos<\/strong><\/p>\n<p>&nbsp;<\/p>\n<p>Na avalia\u00e7\u00e3o da economista-chefe da ARX Investimentos, Solange Srour, n\u00e3o h\u00e1 como esperar muita coisa de um governo politicamente fr\u00e1gil e que s\u00f3 comete equ\u00edvocos na condu\u00e7\u00e3o da economia. Para ela, o fundo de po\u00e7o ainda n\u00e3o chegou. As proje\u00e7\u00f5es apontam que o Produto Interno Bruto (PIB) dever\u00e1 ter queda entre 1,1% e 1,3% no primeiro trimestre deste ano na compara\u00e7\u00e3o com os \u00faltimos tr\u00eas meses de 2015. Nos trimestres seguintes, haver\u00e1 retra\u00e7\u00e3o, mas n\u00e3o t\u00e3o forte. Em compensa\u00e7\u00e3o, o desemprego tender\u00e1 a disparar.<\/p>\n<p>&nbsp;<\/p>\n<p>Pelos c\u00e1lculos de Solange, o PIB deste ano ter\u00e1 contra\u00e7\u00e3o de 4%. Ser\u00e1 um baque para as fam\u00edlias e para as empresas. O consumo desabar\u00e1 e muitas firmas tender\u00e3o a fechar as portas. A economista ressalta que, depois da ind\u00fastria, que afundou nos \u00faltimos anos, ser\u00e1 a vez de o setor de servi\u00e7os caminhar ladeira abaixo. \u201cNa melhor das hip\u00f3teses, veremos alguma melhora em 2017. Ainda assim, a economia dever\u00e1 crescer apenas 0,2%\u201d, acrescenta.<\/p>\n<p>&nbsp;<\/p>\n<p>Para Solange, os fatores pol\u00edticos ser\u00e3o determinantes para a recupera\u00e7\u00e3o da confian\u00e7a a partir do pr\u00f3ximo ano. \u201cA perspectiva de mudan\u00e7a no poder em 2018 tende a mexer com os \u00e2nimos dos investidores\u201d, afirma. No entender dela, a base da desconfian\u00e7a que empurra o pa\u00eds para o buraco est\u00e1 na falta de um ajuste fiscal consistente. \u201cA invers\u00e3o fiscal s\u00f3 vir\u00e1 com um novo governo\u201d, frisa. \u201cNa atual administra\u00e7\u00e3o, n\u00e3o teremos melhora fiscal nem reforma da Previd\u00eancia\u201d, emenda.<\/p>\n<p>&nbsp;<\/p>\n<p><strong>Medo de calote<\/strong><\/p>\n<p>&nbsp;<\/p>\n<p>Solange tamb\u00e9m n\u00e3o acredita em uma queda mais forte da infla\u00e7\u00e3o, como pregou o diretor de Assuntos Econ\u00f4micos do Banco Central, Altamir Lopes, em conversa dos analistas privados nos \u00faltimos dois dias. Ela prev\u00ea \u00edndice de 8% em 2016, uma taxa pesada para uma economia que, no ano anterior, registrou carestia de quase 11%. A economista da ARX ressalta ainda a possibilidade de o d\u00f3lar for\u00e7ar essa proje\u00e7\u00e3o para cima, caso haja uma disparada das cota\u00e7\u00f5es da moeda. \u201cN\u00e3o vemos o d\u00f3lar a R$ 5. Mas tudo pode acontecer\u201d, sentencia.<\/p>\n<p>&nbsp;<\/p>\n<p>Diante desse quadro assustador, a popula\u00e7\u00e3o sofrer\u00e1 muito. N\u00e3o h\u00e1 escapat\u00f3ria. Foram anos e anos de equ\u00edvocos do governo. E n\u00e3o ser\u00e1 em dois ou tr\u00eas meses que Dilma conseguir\u00e1 reverter o desastre. Ela conseguiu a fa\u00e7anha de destruir quase todas as conquistas da popula\u00e7\u00e3o. O desemprego j\u00e1 \u00e9 o pior desde 2006. As vendas do varejo tiveram, no ano passado, a maior queda desde 2001 e v\u00e3o cair mais em 2016. A d\u00edvida p\u00fablica aumentou mais de 150% desde 2003, quando Lula tomou posse. Esse salto trouxe de volta o fantasma do calote nos t\u00edtulos emitidos pelo Tesouro Nacional.<\/p>\n","protected":false},"excerpt":{"rendered":"<p>O ex-presidente Lula profetizou: se a economia n\u00e3o melhorar at\u00e9 junho, o povo vai se rebelar de vez contra a presidente Dilma Rousseff. Isso significa dizer: sair do marasmo e ocupar as ruas. \u00c9 verdade que todas as falas de Lula v\u00eam carregadas de exageros, para o bem ou para mal. Mas, desta vez, ele [&hellip;]<\/p>\n","protected":false},"author":22,"featured_media":0,"comment_status":"open","ping_status":"closed","sticky":false,"template":"","format":"standard","meta":{"wpb_read_more":[],"footnotes":""},"categories":[1],"tags":[],"class_list":["post-477","post","type-post","status-publish","format-standard","hentry","category-sem-categoria"],"_links":{"self":[{"href":"https:\/\/blogs2.correiobraziliense.com.br\/vicente\/wp-json\/wp\/v2\/posts\/477","targetHints":{"allow":["GET"]}}],"collection":[{"href":"https:\/\/blogs2.correiobraziliense.com.br\/vicente\/wp-json\/wp\/v2\/posts"}],"about":[{"href":"https:\/\/blogs2.correiobraziliense.com.br\/vicente\/wp-json\/wp\/v2\/types\/post"}],"author":[{"embeddable":true,"href":"https:\/\/blogs2.correiobraziliense.com.br\/vicente\/wp-json\/wp\/v2\/users\/22"}],"replies":[{"embeddable":true,"href":"https:\/\/blogs2.correiobraziliense.com.br\/vicente\/wp-json\/wp\/v2\/comments?post=477"}],"version-history":[{"count":1,"href":"https:\/\/blogs2.correiobraziliense.com.br\/vicente\/wp-json\/wp\/v2\/posts\/477\/revisions"}],"predecessor-version":[{"id":478,"href":"https:\/\/blogs2.correiobraziliense.com.br\/vicente\/wp-json\/wp\/v2\/posts\/477\/revisions\/478"}],"wp:attachment":[{"href":"https:\/\/blogs2.correiobraziliense.com.br\/vicente\/wp-json\/wp\/v2\/media?parent=477"}],"wp:term":[{"taxonomy":"category","embeddable":true,"href":"https:\/\/blogs2.correiobraziliense.com.br\/vicente\/wp-json\/wp\/v2\/categories?post=477"},{"taxonomy":"post_tag","embeddable":true,"href":"https:\/\/blogs2.correiobraziliense.com.br\/vicente\/wp-json\/wp\/v2\/tags?post=477"}],"curies":[{"name":"wp","href":"https:\/\/api.w.org\/{rel}","templated":true}]}}