{"id":48,"date":"2015-02-18T12:13:00","date_gmt":"2015-02-18T14:13:00","guid":{"rendered":"https:\/\/blogs2.correiobraziliense.com.br\/vicente\/gueitiro_matsuo_genso_sera_o_novo_presidente_da_previ\/"},"modified":"2015-02-18T12:13:00","modified_gmt":"2015-02-18T14:13:00","slug":"gueitiro_matsuo_genso_sera_o_novo_presidente_da_previ","status":"publish","type":"post","link":"https:\/\/blogs2.correiobraziliense.com.br\/vicente\/gueitiro_matsuo_genso_sera_o_novo_presidente_da_previ\/","title":{"rendered":"GUEITIRO MATSUO GENSO SER\u00c1 O NOVO PRESIDENTE DA PREVI"},"content":{"rendered":"\n<p>Maior fundo de pens\u00e3o da Am\u00e9rica Latina, a Previ, dos funcion\u00e1rios do Banco do Brasil, ser\u00e1 presidida por Gueitiro Matsuo Genso, 43 anos. Foi uma escolha pessoal do presidente da institui\u00e7\u00e3o financeira, Alexandre Abreu. <\/p>\n<p>Genso \u00e9 funcion\u00e1rio de carreira do BB desde 1985. Atualmente, responde pela diretoria de Clientes. Ele j\u00e1 havia comandado a \u00e1rea de empr\u00e9stimos. O executivo teve papel de destaque durante o processo de incorpora\u00e7\u00e3o da Nossa Caixa pelo Banco do Brasil e na elabora\u00e7\u00e3o do programa do governo federal para a avia\u00e7\u00e3o regional. <\/p>\n<p>A presid\u00eancia da Previ estava vaga desde o in\u00edcio de dezembro do ano passado, quando Dan Conrado se aposentou. Interinamente, a fun\u00e7\u00e3o vinha sendo ocupada por Marco Geovanne. <\/p>\n<p><i>Bras\u00edlia, 12h12min<\/i>   <\/p>\n","protected":false},"excerpt":{"rendered":"<p>Maior fundo de pens\u00e3o da Am\u00e9rica Latina, a Previ, dos funcion\u00e1rios do Banco do Brasil, ser\u00e1 presidida por Gueitiro Matsuo Genso, 43 anos. Foi uma escolha pessoal do presidente da institui\u00e7\u00e3o financeira, Alexandre Abreu. Genso \u00e9 funcion\u00e1rio de carreira do BB desde 1985. Atualmente, responde pela diretoria de Clientes. Ele j\u00e1 havia comandado a \u00e1rea [&hellip;]<\/p>\n","protected":false},"author":22,"featured_media":0,"comment_status":"open","ping_status":"open","sticky":false,"template":"","format":"standard","meta":{"wpb_read_more":[],"footnotes":""},"categories":[1],"tags":[],"class_list":["post-48","post","type-post","status-publish","format-standard","hentry","category-sem-categoria"],"_links":{"self":[{"href":"https:\/\/blogs2.correiobraziliense.com.br\/vicente\/wp-json\/wp\/v2\/posts\/48","targetHints":{"allow":["GET"]}}],"collection":[{"href":"https:\/\/blogs2.correiobraziliense.com.br\/vicente\/wp-json\/wp\/v2\/posts"}],"about":[{"href":"https:\/\/blogs2.correiobraziliense.com.br\/vicente\/wp-json\/wp\/v2\/types\/post"}],"author":[{"embeddable":true,"href":"https:\/\/blogs2.correiobraziliense.com.br\/vicente\/wp-json\/wp\/v2\/users\/22"}],"replies":[{"embeddable":true,"href":"https:\/\/blogs2.correiobraziliense.com.br\/vicente\/wp-json\/wp\/v2\/comments?post=48"}],"version-history":[{"count":0,"href":"https:\/\/blogs2.correiobraziliense.com.br\/vicente\/wp-json\/wp\/v2\/posts\/48\/revisions"}],"wp:attachment":[{"href":"https:\/\/blogs2.correiobraziliense.com.br\/vicente\/wp-json\/wp\/v2\/media?parent=48"}],"wp:term":[{"taxonomy":"category","embeddable":true,"href":"https:\/\/blogs2.correiobraziliense.com.br\/vicente\/wp-json\/wp\/v2\/categories?post=48"},{"taxonomy":"post_tag","embeddable":true,"href":"https:\/\/blogs2.correiobraziliense.com.br\/vicente\/wp-json\/wp\/v2\/tags?post=48"}],"curies":[{"name":"wp","href":"https:\/\/api.w.org\/{rel}","templated":true}]}}