{"id":481,"date":"2016-02-17T03:59:10","date_gmt":"2016-02-17T05:59:10","guid":{"rendered":"https:\/\/blogs2.correiobraziliense.com.br\/vicente\/?p=481"},"modified":"2016-02-17T14:13:23","modified_gmt":"2016-02-17T16:13:23","slug":"campanha-para-o-tcu","status":"publish","type":"post","link":"https:\/\/blogs2.correiobraziliense.com.br\/vicente\/campanha-para-o-tcu\/","title":{"rendered":"CAMPANHA PARA O TCU"},"content":{"rendered":"<p>\u00bb O procurador-geral do Banco Central, Isaac Sidney Ferreira, est\u00e1 em campanha aberta para assumir o comando da Advocacia-Geral da Uni\u00e3o (AGU). Como mote de campanha para chamar a aten\u00e7\u00e3o de Dilma Rousseff, ele partiu para cima do presidente da C\u00e2mara, Eduardo Cunha, a quem acusa de p\u00f4r o pa\u00eds em um \u201ccativeiro\u201d.<\/p>\n<p>&nbsp;<\/p>\n<p><strong>Exemplo de Tombini<\/strong><\/p>\n<p>&nbsp;<\/p>\n<p>\u00bb Isaac est\u00e1 seguindo \u00e0 risca os conselhos do presidente do BC, Alexandre Tombini, que se fortaleceu no cargo ao surpreender o mercado e, em dia de reuni\u00e3o do Comit\u00ea de Pol\u00edtica Monet\u00e1ria (Copom), soltar um comunicado indicando a manuten\u00e7\u00e3o dos juros em 14,25%. Ganhou muitos pontos com Dilma.<\/p>\n","protected":false},"excerpt":{"rendered":"<p>\u00bb O procurador-geral do Banco Central, Isaac Sidney Ferreira, est\u00e1 em campanha aberta para assumir o comando da Advocacia-Geral da Uni\u00e3o (AGU). Como mote de campanha para chamar a aten\u00e7\u00e3o de Dilma Rousseff, ele partiu para cima do presidente da C\u00e2mara, Eduardo Cunha, a quem acusa de p\u00f4r o pa\u00eds em um \u201ccativeiro\u201d. &nbsp; Exemplo [&hellip;]<\/p>\n","protected":false},"author":22,"featured_media":0,"comment_status":"open","ping_status":"closed","sticky":false,"template":"","format":"standard","meta":{"wpb_read_more":[],"footnotes":""},"categories":[1],"tags":[],"class_list":["post-481","post","type-post","status-publish","format-standard","hentry","category-sem-categoria"],"_links":{"self":[{"href":"https:\/\/blogs2.correiobraziliense.com.br\/vicente\/wp-json\/wp\/v2\/posts\/481","targetHints":{"allow":["GET"]}}],"collection":[{"href":"https:\/\/blogs2.correiobraziliense.com.br\/vicente\/wp-json\/wp\/v2\/posts"}],"about":[{"href":"https:\/\/blogs2.correiobraziliense.com.br\/vicente\/wp-json\/wp\/v2\/types\/post"}],"author":[{"embeddable":true,"href":"https:\/\/blogs2.correiobraziliense.com.br\/vicente\/wp-json\/wp\/v2\/users\/22"}],"replies":[{"embeddable":true,"href":"https:\/\/blogs2.correiobraziliense.com.br\/vicente\/wp-json\/wp\/v2\/comments?post=481"}],"version-history":[{"count":1,"href":"https:\/\/blogs2.correiobraziliense.com.br\/vicente\/wp-json\/wp\/v2\/posts\/481\/revisions"}],"predecessor-version":[{"id":482,"href":"https:\/\/blogs2.correiobraziliense.com.br\/vicente\/wp-json\/wp\/v2\/posts\/481\/revisions\/482"}],"wp:attachment":[{"href":"https:\/\/blogs2.correiobraziliense.com.br\/vicente\/wp-json\/wp\/v2\/media?parent=481"}],"wp:term":[{"taxonomy":"category","embeddable":true,"href":"https:\/\/blogs2.correiobraziliense.com.br\/vicente\/wp-json\/wp\/v2\/categories?post=481"},{"taxonomy":"post_tag","embeddable":true,"href":"https:\/\/blogs2.correiobraziliense.com.br\/vicente\/wp-json\/wp\/v2\/tags?post=481"}],"curies":[{"name":"wp","href":"https:\/\/api.w.org\/{rel}","templated":true}]}}