{"id":49,"date":"2015-02-24T00:01:00","date_gmt":"2015-02-24T03:01:00","guid":{"rendered":"https:\/\/blogs2.correiobraziliense.com.br\/vicente\/o_superavit_de_levy\/"},"modified":"2015-02-24T00:01:00","modified_gmt":"2015-02-24T03:01:00","slug":"o_superavit_de_levy","status":"publish","type":"post","link":"https:\/\/blogs2.correiobraziliense.com.br\/vicente\/o_superavit_de_levy\/","title":{"rendered":"O SUPERAVIT DE LEVY"},"content":{"rendered":"\n<p>O ministro da Fazenda, Joaquim Levy, est\u00e1 monitorando n\u00famero por n\u00famero do resultado fiscal de janeiro, que ser\u00e1 anunciado nesta semana. Os dados s\u00e3o aguardados com ansiedade pelos investidores, pois ser\u00e3o a primeira prova da promessa do chefe da equipe econ\u00f4mica de entregar superavit prim\u00e1rio de 1,2% do Produto Interno Bruto (PIB) neste ano. Apesar da grande expectativa, n\u00e3o h\u00e1 ilus\u00e3o no mercado. Ningu\u00e9m acredita que, com o pa\u00eds em recess\u00e3o, a meta seja atingida. <\/p>\n<p>Pelas contas do economista-chefe do Santander, Maur\u00edcio Molan, o governo central, que inclui Tesouro Nacional, Previd\u00eancia Social e Banco Central, a economia para o pagamento de juros da d\u00edvida atingiu R$ 14 bilh\u00f5es. J\u00e1 os governos regionais (estados e munic\u00edpios) pouparam R$ 5,5 bilh\u00f5es. A se confirmarem esses n\u00fameros, o superavit consolidado do setor p\u00fablico encostar\u00e1 nos R$ 20 bilh\u00f5es, valor consider\u00e1vel se levado em conta a cole\u00e7\u00e3o de deficits dos meses anteriores. <\/p>\n<p>Mas \u00e9 preciso uma ressalva. Nenhum grande esfor\u00e7o foi feito para se chegar a tais resultados. O governo federal se beneficiou do per\u00edodo favor\u00e1vel para a arrecada\u00e7\u00e3o de impostos, que sempre aumenta no come\u00e7o do ano, e da conten\u00e7\u00e3o dos gastos ao aplicar a regra de 1\/18 do total de despesas propostas na Lei Or\u00e7ament\u00e1ria enviada ao Congresso. N\u00e3o \u00e9 s\u00f3. Diante do estrago que se viu nos \u00faltimos anos, as contas p\u00fablicas continuar\u00e3o com rombo acumulado em 12 meses equivalente a 0,6% do PIB. <\/p>\n<p>A vis\u00e3o dentro do governo \u00e9 de que, mesmo que haja decep\u00e7\u00e3o entre os investidores em rela\u00e7\u00e3o aos n\u00fameros apresentados pelo Tesouro, o importante ser\u00e1 a sinaliza\u00e7\u00e3o. \u201cVamos deixar claro que a promessa de cumprir a meta de 1,2% \u00e9 para valer. N\u00e3o estamos brincando ou recorrendo a estrat\u00e9gias de marketing. Esse governo mudou. Acabou o tempo de maquiagens, truques ou o que quer que seja para mostrar as contas p\u00fablicas superavitarias\u201d, diz um influente t\u00e9cnico da equipe econ\u00f4mica. \u201cO governo da fic\u00e7\u00e3o ficou para tr\u00e1s. Conosco, \u00e9 realidade na veia. Sem isso, n\u00e3o teremos como reconstruir a confian\u00e7a. E sem confian\u00e7a, o quadro que hoje \u00e9 grave ficar\u00e1 pior\u201d, assinala. <\/p>\n<p>Para auxiliares de Levy, resultados positivos nas contas do governo ser\u00e3o vitais para contrapor as not\u00edcias negativas que vir\u00e3o pela frente. \u201cSabemos que o desemprego aumentar\u00e1, que a infla\u00e7\u00e3o ficar\u00e1 acima de 7% bom um bom tempo, que o PIB ser\u00e1 negativo por pelo menos dois trimestres e que o Banco Central continuar\u00e1 elevando os juros\u201d, afirma um t\u00e9cnico pr\u00f3ximo a Levy. Mas, para ele, tudo isso j\u00e1 est\u00e1 no pre\u00e7o, inclusive um poss\u00edvel racionamento de \u00e1gua e energia el\u00e9trica. \u201cN\u00e3o faltam proje\u00e7\u00f5es mostrando que o estrago feito na economia nos \u00faltimos anos foi grande. Ent\u00e3o, o melhor que podemos fazer \u00e9 mostrar que um novo governo come\u00e7ou em 2015, e que a mudan\u00e7a mais significativa est\u00e1 no ajuste fiscal\u201d, ressalta. <\/p>\n<p>Os t\u00e9cnicos da equipe econ\u00f4mica esperam que, diante das repercuss\u00f5es positivas nos mercados, o governo consiga quebrar as resist\u00eancias de parlamentares da base aliada, sobretudo do PT, em rela\u00e7\u00e3o as medidas propostas por Levy para a arruma\u00e7\u00e3o das contas p\u00fablicas. \u201cJ\u00e1 esper\u00e1vamos a gritaria em torno do pacote fiscal, principalmente contra as a\u00e7\u00f5es para corrigir as distor\u00e7\u00f5es no seguro-desemprego e nas pens\u00f5es por morte. Temos a certeza de que prevalecer\u00e1 o bom senso\u201d, diz um funcion\u00e1rio do Minist\u00e9rio do Trabalho. Para ele, pode ser que um ajuste ou outro seja encampado pelo governo. Mas nada que sinalize aos investidores recuo na promessa de superavit. \u201cA corda est\u00e1 no nosso pesco\u00e7o e vamos nos livrar dela mais cedo do que imaginam\u201d, assegura. <\/p>\n<p>Crescimento med\u00edocre <\/p>\n<p>\u00bb O Banco Santander refez as proje\u00e7\u00f5es de crescimento do Brasil para os pr\u00f3ximos quatro anos. Os n\u00fameros mostram que, ao longo dos dois mandatos de Dilma Rousseff, o pa\u00eds ter\u00e1 crescimento m\u00e9dio anual de 1,5%, o segundo pior do per\u00edodo republicano. Para 2015, a institui\u00e7\u00e3o espanhola prev\u00ea queda de 0,9% do PIB. A rea\u00e7\u00e3o da economia, se vier, s\u00f3 em 2018, com incremento de 3,5%, o que \u00e9 considerado um feito quase imposs\u00edvel. <\/p>\n<p>Barrados pela burocracia <\/p>\n<p>\u00bb Completam-se hoje 19 dias que o Banco Central enviou ao Pal\u00e1cio do Planalto as indica\u00e7\u00f5es de dois novos diretores: Tony Volpon (Assuntos Internacionais) e Ot\u00e1vio Ribeiro Damaso (Regula\u00e7\u00e3o). At\u00e9 agora, os nomes n\u00e3o seguiram para o Senado. Segundo a Casa Civil, a demora \u00e9 normal, e decorre dos feriados de carnaval. <\/p>\n<p>Disputa entre petistas <\/p>\n<p>\u00bb O senador Delc\u00eddio Amaral (PT-MS) acha que a Comiss\u00e3o de Assuntos Econ\u00f4micos (CAE), que ele integra, ter\u00e1 uma pauta complexa pela frente, com as medidas de ajuste fiscal, a proposta de unifica\u00e7\u00e3o de al\u00edquotas do ICMS, \u201cque responde por 70% da reforma tribut\u00e1ria\u201d, e o imbr\u00f3glio do setor el\u00e9trico. A bancada petista vai decidir hoje quem presidir\u00e1 a comiss\u00e3o: ele ou Gleisi Hoffmann (PR). <\/p>\n<p>Decep\u00e7\u00e3o de Hereda <\/p>\n<p>\u00bb A despeito de todos os sorrisos demostrados ontem ao transmitir a presid\u00eancia da Caixa Econ\u00f4mica Federal para Miriam Belchior, Jorge Hereda n\u00e3o escondeu de amigos o quanto estava decepcionado com a decis\u00e3o da presidente Dilma Rousseff de substitu\u00ed-lo. <\/p>\n<p>\u00daltimo a saber <\/p>\n<p>\u00bb Hereda contou que, em nenhum momento, foi consultado sobre a troca no comando da Caixa. Soube da sua sa\u00edda pela imprensa. E sentiu-se tra\u00eddo, pois acreditava que estava fazendo um bom trabalho \u00e0 frente da institui\u00e7\u00e3o federal. <\/p>\n<p>M\u00edriam, o que \u00e9 IPO? <\/p>\n<p>\u00bb No mercado financeiro, \u00e9 grande o ceticismo em rela\u00e7\u00e3o \u00e0 capacidade de Miriam Belchior de tocar o projeto de abertura de capital da Caixa Econ\u00f4mica Federal. Entre os analistas mais ferinos, especula-se se a ex-ministra do Planejamento sabe o que \u00e9 IPO, oferta inicial de a\u00e7\u00f5es, na sigla em ingl\u00eas. <\/p>\n<p>Bras\u00edlia, 00h01min   <\/p>\n","protected":false},"excerpt":{"rendered":"<p>O ministro da Fazenda, Joaquim Levy, est\u00e1 monitorando n\u00famero por n\u00famero do resultado fiscal de janeiro, que ser\u00e1 anunciado nesta semana. Os dados s\u00e3o aguardados com ansiedade pelos investidores, pois ser\u00e3o a primeira prova da promessa do chefe da equipe econ\u00f4mica de entregar superavit prim\u00e1rio de 1,2% do Produto Interno Bruto (PIB) neste ano. Apesar [&hellip;]<\/p>\n","protected":false},"author":22,"featured_media":0,"comment_status":"open","ping_status":"open","sticky":false,"template":"","format":"standard","meta":{"wpb_read_more":[],"footnotes":""},"categories":[1],"tags":[],"class_list":["post-49","post","type-post","status-publish","format-standard","hentry","category-sem-categoria"],"_links":{"self":[{"href":"https:\/\/blogs2.correiobraziliense.com.br\/vicente\/wp-json\/wp\/v2\/posts\/49","targetHints":{"allow":["GET"]}}],"collection":[{"href":"https:\/\/blogs2.correiobraziliense.com.br\/vicente\/wp-json\/wp\/v2\/posts"}],"about":[{"href":"https:\/\/blogs2.correiobraziliense.com.br\/vicente\/wp-json\/wp\/v2\/types\/post"}],"author":[{"embeddable":true,"href":"https:\/\/blogs2.correiobraziliense.com.br\/vicente\/wp-json\/wp\/v2\/users\/22"}],"replies":[{"embeddable":true,"href":"https:\/\/blogs2.correiobraziliense.com.br\/vicente\/wp-json\/wp\/v2\/comments?post=49"}],"version-history":[{"count":0,"href":"https:\/\/blogs2.correiobraziliense.com.br\/vicente\/wp-json\/wp\/v2\/posts\/49\/revisions"}],"wp:attachment":[{"href":"https:\/\/blogs2.correiobraziliense.com.br\/vicente\/wp-json\/wp\/v2\/media?parent=49"}],"wp:term":[{"taxonomy":"category","embeddable":true,"href":"https:\/\/blogs2.correiobraziliense.com.br\/vicente\/wp-json\/wp\/v2\/categories?post=49"},{"taxonomy":"post_tag","embeddable":true,"href":"https:\/\/blogs2.correiobraziliense.com.br\/vicente\/wp-json\/wp\/v2\/tags?post=49"}],"curies":[{"name":"wp","href":"https:\/\/api.w.org\/{rel}","templated":true}]}}