{"id":492,"date":"2016-02-18T01:25:14","date_gmt":"2016-02-18T03:25:14","guid":{"rendered":"https:\/\/blogs2.correiobraziliense.com.br\/vicente\/?p=492"},"modified":"2016-02-18T16:26:17","modified_gmt":"2016-02-18T18:26:17","slug":"musica-no-fantastico","status":"publish","type":"post","link":"https:\/\/blogs2.correiobraziliense.com.br\/vicente\/musica-no-fantastico\/","title":{"rendered":"M\u00daSICA NO FANT\u00c1STICO"},"content":{"rendered":"<p>\u00bb Piada na Esplanada dos Minist\u00e9rios: respons\u00e1vel pelos tr\u00eas rebaixamentos do pa\u00eds, Nelson Barbosa poder\u00e1 pedir m\u00fasica no Fant\u00e1stico. S\u00f3 n\u00e3o pode ser o Mel\u00f4 da Mandioca.<\/p>\n","protected":false},"excerpt":{"rendered":"<p>\u00bb Piada na Esplanada dos Minist\u00e9rios: respons\u00e1vel pelos tr\u00eas rebaixamentos do pa\u00eds, Nelson Barbosa poder\u00e1 pedir m\u00fasica no Fant\u00e1stico. S\u00f3 n\u00e3o pode ser o Mel\u00f4 da Mandioca.<\/p>\n","protected":false},"author":22,"featured_media":0,"comment_status":"open","ping_status":"closed","sticky":false,"template":"","format":"standard","meta":{"wpb_read_more":[],"footnotes":""},"categories":[1],"tags":[],"class_list":["post-492","post","type-post","status-publish","format-standard","hentry","category-sem-categoria"],"_links":{"self":[{"href":"https:\/\/blogs2.correiobraziliense.com.br\/vicente\/wp-json\/wp\/v2\/posts\/492","targetHints":{"allow":["GET"]}}],"collection":[{"href":"https:\/\/blogs2.correiobraziliense.com.br\/vicente\/wp-json\/wp\/v2\/posts"}],"about":[{"href":"https:\/\/blogs2.correiobraziliense.com.br\/vicente\/wp-json\/wp\/v2\/types\/post"}],"author":[{"embeddable":true,"href":"https:\/\/blogs2.correiobraziliense.com.br\/vicente\/wp-json\/wp\/v2\/users\/22"}],"replies":[{"embeddable":true,"href":"https:\/\/blogs2.correiobraziliense.com.br\/vicente\/wp-json\/wp\/v2\/comments?post=492"}],"version-history":[{"count":1,"href":"https:\/\/blogs2.correiobraziliense.com.br\/vicente\/wp-json\/wp\/v2\/posts\/492\/revisions"}],"predecessor-version":[{"id":493,"href":"https:\/\/blogs2.correiobraziliense.com.br\/vicente\/wp-json\/wp\/v2\/posts\/492\/revisions\/493"}],"wp:attachment":[{"href":"https:\/\/blogs2.correiobraziliense.com.br\/vicente\/wp-json\/wp\/v2\/media?parent=492"}],"wp:term":[{"taxonomy":"category","embeddable":true,"href":"https:\/\/blogs2.correiobraziliense.com.br\/vicente\/wp-json\/wp\/v2\/categories?post=492"},{"taxonomy":"post_tag","embeddable":true,"href":"https:\/\/blogs2.correiobraziliense.com.br\/vicente\/wp-json\/wp\/v2\/tags?post=492"}],"curies":[{"name":"wp","href":"https:\/\/api.w.org\/{rel}","templated":true}]}}