{"id":496,"date":"2016-02-19T03:16:40","date_gmt":"2016-02-19T05:16:40","guid":{"rendered":"https:\/\/blogs2.correiobraziliense.com.br\/vicente\/?p=496"},"modified":"2016-02-19T09:19:32","modified_gmt":"2016-02-19T11:19:32","slug":"conto-da-carochinha","status":"publish","type":"post","link":"https:\/\/blogs2.correiobraziliense.com.br\/vicente\/conto-da-carochinha\/","title":{"rendered":"CONTO DA CAROCHINHA"},"content":{"rendered":"<p>\u00bb O diretor de Pol\u00edtica Monet\u00e1ria do BC, Aldo Mendes, s\u00f3 pode estar brincando. Ele diz acreditar que o governo cumprir\u00e1 a meta fiscal de 0,5% do PIB neste ano, apesar de toda a Esplanada dos Minist\u00e9rios saber que isso \u00e9 imposs\u00edvel. Tanto que o ministro da Fazenda, Nelson Barbosa, est\u00e1 propondo a possibilidade de haver deficit de at\u00e9 1%.<\/p>\n<p><strong>Me engana, que gosto<\/strong><\/p>\n<p>\u00bb Diz Aldo Mendes: \u201cO BC considera essa avalia\u00e7\u00e3o (de superavit de 0,5% do PIB) no conjunto de suas previs\u00f5es macroecon\u00f4micas. N\u00e3o obstante as dificuldades que se interp\u00f5em na busca do necess\u00e1rio ajuste nas contas p\u00fablicas, o BC acredita na consecu\u00e7\u00e3o da meta fiscal tra\u00e7ada para o ano e a adota como hip\u00f3tese b\u00e1sica de trabalho em suas proje\u00e7\u00f5es\u201d.<\/p>\n<p>Bras\u00edlia, 03h16<\/p>\n","protected":false},"excerpt":{"rendered":"<p>\u00bb O diretor de Pol\u00edtica Monet\u00e1ria do BC, Aldo Mendes, s\u00f3 pode estar brincando. Ele diz acreditar que o governo cumprir\u00e1 a meta fiscal de 0,5% do PIB neste ano, apesar de toda a Esplanada dos Minist\u00e9rios saber que isso \u00e9 imposs\u00edvel. Tanto que o ministro da Fazenda, Nelson Barbosa, est\u00e1 propondo a possibilidade de [&hellip;]<\/p>\n","protected":false},"author":22,"featured_media":0,"comment_status":"open","ping_status":"closed","sticky":false,"template":"","format":"standard","meta":{"wpb_read_more":[],"footnotes":""},"categories":[1],"tags":[],"class_list":["post-496","post","type-post","status-publish","format-standard","hentry","category-sem-categoria"],"_links":{"self":[{"href":"https:\/\/blogs2.correiobraziliense.com.br\/vicente\/wp-json\/wp\/v2\/posts\/496","targetHints":{"allow":["GET"]}}],"collection":[{"href":"https:\/\/blogs2.correiobraziliense.com.br\/vicente\/wp-json\/wp\/v2\/posts"}],"about":[{"href":"https:\/\/blogs2.correiobraziliense.com.br\/vicente\/wp-json\/wp\/v2\/types\/post"}],"author":[{"embeddable":true,"href":"https:\/\/blogs2.correiobraziliense.com.br\/vicente\/wp-json\/wp\/v2\/users\/22"}],"replies":[{"embeddable":true,"href":"https:\/\/blogs2.correiobraziliense.com.br\/vicente\/wp-json\/wp\/v2\/comments?post=496"}],"version-history":[{"count":2,"href":"https:\/\/blogs2.correiobraziliense.com.br\/vicente\/wp-json\/wp\/v2\/posts\/496\/revisions"}],"predecessor-version":[{"id":498,"href":"https:\/\/blogs2.correiobraziliense.com.br\/vicente\/wp-json\/wp\/v2\/posts\/496\/revisions\/498"}],"wp:attachment":[{"href":"https:\/\/blogs2.correiobraziliense.com.br\/vicente\/wp-json\/wp\/v2\/media?parent=496"}],"wp:term":[{"taxonomy":"category","embeddable":true,"href":"https:\/\/blogs2.correiobraziliense.com.br\/vicente\/wp-json\/wp\/v2\/categories?post=496"},{"taxonomy":"post_tag","embeddable":true,"href":"https:\/\/blogs2.correiobraziliense.com.br\/vicente\/wp-json\/wp\/v2\/tags?post=496"}],"curies":[{"name":"wp","href":"https:\/\/api.w.org\/{rel}","templated":true}]}}