{"id":50,"date":"2015-02-25T00:01:00","date_gmt":"2015-02-25T03:01:00","guid":{"rendered":"https:\/\/blogs2.correiobraziliense.com.br\/vicente\/sem_perdao\/"},"modified":"2015-02-25T00:01:00","modified_gmt":"2015-02-25T03:01:00","slug":"sem_perdao","status":"publish","type":"post","link":"https:\/\/blogs2.correiobraziliense.com.br\/vicente\/sem_perdao\/","title":{"rendered":"SEM PERD\u00c3O"},"content":{"rendered":"\n<p>Nada pode ser mais desastroso para o governo neste momento, em que o pa\u00eds mergulha na recess\u00e3o e a infla\u00e7\u00e3o atinge n\u00edveis assustadores, do que os protestos de caminhoneiros, que est\u00e3o parando importantes regi\u00f5es produtoras e levando ao desabastecimento de itens b\u00e1sicos, como alimentos e combust\u00edveis. Integrantes da equipe econ\u00f4mica reconhecem, por\u00e9m, que o Pal\u00e1cio do Planalto tem parcela importante de culpa pelas manifesta\u00e7\u00f5es. <\/p>\n<p>Um dos principais motivos da ira dos profissionais \u00e9 a recente alta do pre\u00e7o do \u00f3leo diesel. Com o valor do barril do petr\u00f3leo despencando no exterior, era natural que o combust\u00edvel barateasse no Brasil, como ocorre em todo o planeta. O problema \u00e9 que, nos \u00faltimos anos, o governo segurou os reajustes quando o petr\u00f3leo estava cotado acima de US$ 100, para conter a infla\u00e7\u00e3o. Essa distor\u00e7\u00e3o destruiu o caixa da Petrobras. Agora, o Planalto tenta corrigir as barbaridades do passado. <\/p>\n<p>Contudo, num pa\u00eds em que 70% das cargas s\u00e3o transportadas por rodovias, fica dif\u00edcil explicar que essa \u00e9 a fatura a ser arcada pelos caminhoneiros. \u201cN\u00e3o foi uma \u2018escorregadinha\u2019, como costuma dizer o ministro Joaquim Levy (da Fazenda)\u201d, admite um assessor palaciano. Ele ressalta que o mesmo problema se deu nos ped\u00e1gios, cujos valores deixaram de ser reajustados em 2013, por causa das manifesta\u00e7\u00f5es que tomaram as ruas, inclusive de caminhoneiros. \u201cEstava tudo errado\u201d, emenda. <\/p>\n<p>Na avalia\u00e7\u00e3o de especialistas, ainda n\u00e3o \u00e9 poss\u00edvel medir o impacto dos protestos nas estradas, tanto na infla\u00e7\u00e3o quanto no Produto Interno Bruto (PIB). Mas ressaltam que n\u00e3o faltam motivos para o estado de pavor que tomou conta dos agentes econ\u00f4micos. Para muitos, o pa\u00eds est\u00e1 \u00e0 beira do caos, fruto da sucess\u00e3o de erros cometidos pela presidente Dilma Rousseff no primeiro mandato. <\/p>\n<p>As proje\u00e7\u00f5es apontam que a infla\u00e7\u00e3o oficial deste m\u00eas deve fechar entre 1,10% e 1,16%, elevando a taxa acumulada em 12 meses para at\u00e9 7,64%. Em mar\u00e7o, n\u00e3o ser\u00e1 diferente, e o \u00edndice em 12 meses encostar\u00e1 em 8%. O PIB do quatro trimestre de 2014, que ser\u00e1 divulgado no fim de mar\u00e7o, pode ter ca\u00eddo ao menos 0,5%, com a retra\u00e7\u00e3o se aprofundando entre janeiro e mar\u00e7o deste ano. <\/p>\n<p>\u201cA cada semana, as estimativas pioram. Primeiro, falava-se em infla\u00e7\u00e3o acumulada de 6,5% em 2015, com o PIB subindo at\u00e9 0,5%. Depois, passou-se a cogitar carestia de 7% e queda de 0,5% do Produto. Agora, j\u00e1 se projeta infla\u00e7\u00e3o de 8% e contra\u00e7\u00e3o de mais de 1% do PIB\u201d, diz um t\u00e9cnico da Fazenda. Ele lembra que o resultado dessa combina\u00e7\u00e3o perversa ser\u00e1 o aumento do desemprego. <\/p>\n<p>As perspectivas s\u00e3o de que a taxa de desocupa\u00e7\u00e3o nas seis principais regi\u00f5es metropolitanas do pa\u00eds tenha atingido 5% em janeiro. O n\u00famero oficial, calculado pelo Instituto Brasileiro de Geografia e Estat\u00edstica (IBGE), sair\u00e1 amanh\u00e3. O Minist\u00e9rio do Trabalho deve divulgar ainda nesta semana que o pa\u00eds registrou saldo negativo de pelo menos 20 mil vagas no m\u00eas passado. <\/p>\n<p>O temor do Planalto \u00e9 de que, com o desemprego dando as caras, as manifesta\u00e7\u00f5es dos caminhoneiros sejam o estopim de um movimento de trabalhadores contra o governo. H\u00e1 muitas categorias organizadas, como a de metal\u00fargicos, prontas para tomar as ruas. Aliados pr\u00f3ximos da presidente Dilma n\u00e3o descartam a possibilidade de ela enfrentar constrangimentos em apari\u00e7\u00f5es p\u00fablicas, jogando por terra a estrat\u00e9gia de recuperar a popularidade. Hoje, por sinal, a petista poder\u00e1 sentir como anda a pulsa\u00e7\u00e3o dos eleitores em evento marcado para Feira de Santana, na Bahia, onde entregar\u00e1 empreendimentos do Minha Casa, Minha Vida. <\/p>\n<p>O importante \u00e9 o p\u00f3s-Copom <\/p>\n<p>\u00bb Os investidores j\u00e1 nem se perguntam mais qual ser\u00e1 o aumento da taxa b\u00e1sica de juros (Selic) na reuni\u00e3o de mar\u00e7o do Comit\u00ea de Pol\u00edtica Monet\u00e1ria (Copom) do Banco Central. Com o consenso em torno da eleva\u00e7\u00e3o de 0,5 ponto percentual, de 12,25% para 12,75% ao ano, o grande questionamento \u00e9 sobre o comunicado p\u00f3s-decis\u00e3o. <\/p>\n<p>Quando abril chegar <\/p>\n<p>\u00bb A grande d\u00favida do mercado \u00e9 se o Banco Central dar\u00e1 algum sinal de que poder\u00e1 esticar o processo de arrocho monet\u00e1rio al\u00e9m de abril, quando se espera que a Selic suba para 13% e permane\u00e7a nesse n\u00edvel at\u00e9 o fim do ano. Entre as duas pr\u00f3ximas reuni\u00f5es do Copom, o governo j\u00e1 ter\u00e1 em m\u00e3os n\u00fameros comprovando a recess\u00e3o econ\u00f4mica. <\/p>\n<p>A gula do PMDB <\/p>\n<p>\u00bb A gula do PMDB pelo comando do Banco do Nordeste (BNB) se agigantou nos \u00faltimos dois dias, diante dos afagos do Planalto no partido. Pelo menos seis integrantes da legenda, demitidos por irregularidades pelo atual presidente da institui\u00e7\u00e3o, Nelson Antonio Souza, est\u00e3o \u00e1vidos para retomar as boquinhas. No que depender do ministro da Fazenda, Joaquim Levy, os pol\u00edticos ficar\u00e3o bem longe dos bancos federais. <\/p>\n<p>Bacalhau sem d\u00f3lar <\/p>\n<p>\u00bb A rede P\u00e3o de A\u00e7\u00facar importou mais de 4 mil toneladas de bacalhau para essa P\u00e1scoa. Como foi negociado no in\u00edcio do ano passado, diretamente com fornecedores de Portugal e Noruega, o produto n\u00e3o estampar\u00e1 nas g\u00f4ndolas a recente valoriza\u00e7\u00e3o do d\u00f3lar. <\/p>\n<p>Bras\u00edlia, 00h01min   <\/p>\n","protected":false},"excerpt":{"rendered":"<p>Nada pode ser mais desastroso para o governo neste momento, em que o pa\u00eds mergulha na recess\u00e3o e a infla\u00e7\u00e3o atinge n\u00edveis assustadores, do que os protestos de caminhoneiros, que est\u00e3o parando importantes regi\u00f5es produtoras e levando ao desabastecimento de itens b\u00e1sicos, como alimentos e combust\u00edveis. Integrantes da equipe econ\u00f4mica reconhecem, por\u00e9m, que o Pal\u00e1cio [&hellip;]<\/p>\n","protected":false},"author":22,"featured_media":0,"comment_status":"open","ping_status":"open","sticky":false,"template":"","format":"standard","meta":{"wpb_read_more":[],"footnotes":""},"categories":[1],"tags":[],"class_list":["post-50","post","type-post","status-publish","format-standard","hentry","category-sem-categoria"],"_links":{"self":[{"href":"https:\/\/blogs2.correiobraziliense.com.br\/vicente\/wp-json\/wp\/v2\/posts\/50","targetHints":{"allow":["GET"]}}],"collection":[{"href":"https:\/\/blogs2.correiobraziliense.com.br\/vicente\/wp-json\/wp\/v2\/posts"}],"about":[{"href":"https:\/\/blogs2.correiobraziliense.com.br\/vicente\/wp-json\/wp\/v2\/types\/post"}],"author":[{"embeddable":true,"href":"https:\/\/blogs2.correiobraziliense.com.br\/vicente\/wp-json\/wp\/v2\/users\/22"}],"replies":[{"embeddable":true,"href":"https:\/\/blogs2.correiobraziliense.com.br\/vicente\/wp-json\/wp\/v2\/comments?post=50"}],"version-history":[{"count":0,"href":"https:\/\/blogs2.correiobraziliense.com.br\/vicente\/wp-json\/wp\/v2\/posts\/50\/revisions"}],"wp:attachment":[{"href":"https:\/\/blogs2.correiobraziliense.com.br\/vicente\/wp-json\/wp\/v2\/media?parent=50"}],"wp:term":[{"taxonomy":"category","embeddable":true,"href":"https:\/\/blogs2.correiobraziliense.com.br\/vicente\/wp-json\/wp\/v2\/categories?post=50"},{"taxonomy":"post_tag","embeddable":true,"href":"https:\/\/blogs2.correiobraziliense.com.br\/vicente\/wp-json\/wp\/v2\/tags?post=50"}],"curies":[{"name":"wp","href":"https:\/\/api.w.org\/{rel}","templated":true}]}}