{"id":51,"date":"2015-02-26T00:35:00","date_gmt":"2015-02-26T03:35:00","guid":{"rendered":"https:\/\/blogs2.correiobraziliense.com.br\/vicente\/aumenta_o_numero_de_familias_endividadas_mostra_cnc\/"},"modified":"2015-02-26T00:35:00","modified_gmt":"2015-02-26T03:35:00","slug":"aumenta_o_numero_de_familias_endividadas_mostra_cnc","status":"publish","type":"post","link":"https:\/\/blogs2.correiobraziliense.com.br\/vicente\/aumenta_o_numero_de_familias_endividadas_mostra_cnc\/","title":{"rendered":"AUMENTA O N\u00daMERO DE FAM\u00cdLIAS ENDIVIDADAS, MOSTRA CNC"},"content":{"rendered":"\n<p>O n\u00famero de fam\u00edlias endividadas voltou a aumentar, conforme levantamento realizado pela Confedera\u00e7\u00e3o Nacional do Com\u00e9rcio (CNC). Em fevereiro, 57,8% dos lares registraram algum tipo de d\u00e9bito no cheque pr\u00e9-datado, no cart\u00e3o de cr\u00e9dito, no cheque especial, no carn\u00ea de loja, em empr\u00e9stimo pessoal e em financiamento de autom\u00f3veis. No m\u00eas anterior, o \u00edndice estava em 57,5%. <\/p>\n<p>Tamb\u00e9m cresceu&nbsp; o total de fam\u00edlias que dizem n\u00e3o ter condi\u00e7\u00f5es de pagar as contas, devido ao esgotamento da capacidade financeira: s\u00e3o 6,4% neste m\u00eas ante os 5,9% observados em fevereiro de 2014. <\/p>\n<p>Segundo a CNC, o endividamento avan\u00e7ou basicamente entre as fam\u00edlias com renda superior a 10 sal\u00e1rios m\u00ednimos. O total passou de 50,8%, em janeiro, para 53% neste m\u00eas. J\u00e1 o \u00edndice de lares sem capacidade de honrar compromissos subiu, nessa faixa de renda, de 1,9%, em fevereiro de 2014, para 2,7% agora. <\/p>\n<p>O cart\u00e3o de cr\u00e9dito, com juros m\u00e9dios de 334% ao ano, segundo o Banco Central, responde por 70% do endividamento das fam\u00edlias. <\/p>\n<p><i>Bras\u00edlia, 00h35min<\/i>   <\/p>\n","protected":false},"excerpt":{"rendered":"<p>O n\u00famero de fam\u00edlias endividadas voltou a aumentar, conforme levantamento realizado pela Confedera\u00e7\u00e3o Nacional do Com\u00e9rcio (CNC). Em fevereiro, 57,8% dos lares registraram algum tipo de d\u00e9bito no cheque pr\u00e9-datado, no cart\u00e3o de cr\u00e9dito, no cheque especial, no carn\u00ea de loja, em empr\u00e9stimo pessoal e em financiamento de autom\u00f3veis. No m\u00eas anterior, o \u00edndice estava [&hellip;]<\/p>\n","protected":false},"author":22,"featured_media":0,"comment_status":"open","ping_status":"open","sticky":false,"template":"","format":"standard","meta":{"wpb_read_more":[],"footnotes":""},"categories":[1],"tags":[],"class_list":["post-51","post","type-post","status-publish","format-standard","hentry","category-sem-categoria"],"_links":{"self":[{"href":"https:\/\/blogs2.correiobraziliense.com.br\/vicente\/wp-json\/wp\/v2\/posts\/51","targetHints":{"allow":["GET"]}}],"collection":[{"href":"https:\/\/blogs2.correiobraziliense.com.br\/vicente\/wp-json\/wp\/v2\/posts"}],"about":[{"href":"https:\/\/blogs2.correiobraziliense.com.br\/vicente\/wp-json\/wp\/v2\/types\/post"}],"author":[{"embeddable":true,"href":"https:\/\/blogs2.correiobraziliense.com.br\/vicente\/wp-json\/wp\/v2\/users\/22"}],"replies":[{"embeddable":true,"href":"https:\/\/blogs2.correiobraziliense.com.br\/vicente\/wp-json\/wp\/v2\/comments?post=51"}],"version-history":[{"count":0,"href":"https:\/\/blogs2.correiobraziliense.com.br\/vicente\/wp-json\/wp\/v2\/posts\/51\/revisions"}],"wp:attachment":[{"href":"https:\/\/blogs2.correiobraziliense.com.br\/vicente\/wp-json\/wp\/v2\/media?parent=51"}],"wp:term":[{"taxonomy":"category","embeddable":true,"href":"https:\/\/blogs2.correiobraziliense.com.br\/vicente\/wp-json\/wp\/v2\/categories?post=51"},{"taxonomy":"post_tag","embeddable":true,"href":"https:\/\/blogs2.correiobraziliense.com.br\/vicente\/wp-json\/wp\/v2\/tags?post=51"}],"curies":[{"name":"wp","href":"https:\/\/api.w.org\/{rel}","templated":true}]}}