{"id":512,"date":"2016-02-23T18:29:43","date_gmt":"2016-02-23T21:29:43","guid":{"rendered":"https:\/\/blogs2.correiobraziliense.com.br\/vicente\/?p=512"},"modified":"2016-02-23T18:30:47","modified_gmt":"2016-02-23T21:30:47","slug":"credito-podre","status":"publish","type":"post","link":"https:\/\/blogs2.correiobraziliense.com.br\/vicente\/credito-podre\/","title":{"rendered":"CREDITO PODRE"},"content":{"rendered":"<p>T\u00e9cnicos do Banco Central est\u00e3o monitorando com lupa o desenrolar da Lava-Jato. O cr\u00e9dito banc\u00e1rio que suportou neg\u00f3cios mirabolantes das empreiteiras pegas pela Pol\u00edcia Federal est\u00e1 apodrecendo a uma velocidade impressionante.<\/p>\n<p><strong>Risco de quebradeira<\/strong><\/p>\n<p>Para o BC, o calote que, at\u00e9 agora, vinha se mostrando comportado, come\u00e7ou a dar sinais de alerta. A torcida \u00e9 para que n\u00e3o haja uma onda de quebradeira de empresas que leve alguns bancos junto.<\/p>\n<p><strong>Desarranjo fiscal<\/strong><\/p>\n<p>Os investidores tamb\u00e9m n\u00e3o escondem o medo de calote. Mas, no caso, do governo. \u00c9 cada vez mais frequente o rumor de que o Tesouro n\u00e3o conseguir\u00e1 honrar os compromissos em dia devido ao desarranjo fiscal.<\/p>\n","protected":false},"excerpt":{"rendered":"<p>T\u00e9cnicos do Banco Central est\u00e3o monitorando com lupa o desenrolar da Lava-Jato. O cr\u00e9dito banc\u00e1rio que suportou neg\u00f3cios mirabolantes das empreiteiras pegas pela Pol\u00edcia Federal est\u00e1 apodrecendo a uma velocidade impressionante. Risco de quebradeira Para o BC, o calote que, at\u00e9 agora, vinha se mostrando comportado, come\u00e7ou a dar sinais de alerta. A torcida \u00e9 [&hellip;]<\/p>\n","protected":false},"author":22,"featured_media":0,"comment_status":"open","ping_status":"closed","sticky":false,"template":"","format":"standard","meta":{"wpb_read_more":[],"footnotes":""},"categories":[1],"tags":[],"class_list":["post-512","post","type-post","status-publish","format-standard","hentry","category-sem-categoria"],"_links":{"self":[{"href":"https:\/\/blogs2.correiobraziliense.com.br\/vicente\/wp-json\/wp\/v2\/posts\/512","targetHints":{"allow":["GET"]}}],"collection":[{"href":"https:\/\/blogs2.correiobraziliense.com.br\/vicente\/wp-json\/wp\/v2\/posts"}],"about":[{"href":"https:\/\/blogs2.correiobraziliense.com.br\/vicente\/wp-json\/wp\/v2\/types\/post"}],"author":[{"embeddable":true,"href":"https:\/\/blogs2.correiobraziliense.com.br\/vicente\/wp-json\/wp\/v2\/users\/22"}],"replies":[{"embeddable":true,"href":"https:\/\/blogs2.correiobraziliense.com.br\/vicente\/wp-json\/wp\/v2\/comments?post=512"}],"version-history":[{"count":2,"href":"https:\/\/blogs2.correiobraziliense.com.br\/vicente\/wp-json\/wp\/v2\/posts\/512\/revisions"}],"predecessor-version":[{"id":514,"href":"https:\/\/blogs2.correiobraziliense.com.br\/vicente\/wp-json\/wp\/v2\/posts\/512\/revisions\/514"}],"wp:attachment":[{"href":"https:\/\/blogs2.correiobraziliense.com.br\/vicente\/wp-json\/wp\/v2\/media?parent=512"}],"wp:term":[{"taxonomy":"category","embeddable":true,"href":"https:\/\/blogs2.correiobraziliense.com.br\/vicente\/wp-json\/wp\/v2\/categories?post=512"},{"taxonomy":"post_tag","embeddable":true,"href":"https:\/\/blogs2.correiobraziliense.com.br\/vicente\/wp-json\/wp\/v2\/tags?post=512"}],"curies":[{"name":"wp","href":"https:\/\/api.w.org\/{rel}","templated":true}]}}