{"id":53,"date":"2015-02-27T09:46:00","date_gmt":"2015-02-27T12:46:00","guid":{"rendered":"https:\/\/blogs2.correiobraziliense.com.br\/vicente\/juntando_os_cacos\/"},"modified":"2015-02-27T09:46:00","modified_gmt":"2015-02-27T12:46:00","slug":"juntando_os_cacos","status":"publish","type":"post","link":"https:\/\/blogs2.correiobraziliense.com.br\/vicente\/juntando_os_cacos\/","title":{"rendered":"JUNTANDO OS CACOS"},"content":{"rendered":"\n<p>De joelhos ante  o quadro ca\u00f3tico na economia e na pol\u00edtica, a presidente Dilma Rousseff ordenou  a sua equipe que mude a forma de se comunicar com os eleitores. Ela determinou  que, a partir de agora, o discurso seja focado na retomada do crescimento  econ\u00f4mico. No entender do Pal\u00e1cio do Planalto, \u00e9 preciso difundir junto \u00e0  popula\u00e7\u00e3o que todo o sofrimento que o pa\u00eds enfrentar\u00e1 pelo menos at\u00e9 o fim deste  ano ser\u00e1 recompensado mais \u00e0 frente com a recupera\u00e7\u00e3o da atividade. Para isso,  ser\u00e1 apresentado um plano p\u00f3s-ajuste fiscal. N\u00e3o ser\u00e1 f\u00e1cil esse trabalho de  convencimento. <\/p>\n<p>Assessores da presidente acreditam que a pior das not\u00edcias  chegou com for\u00e7a maior que a esperada e antes do previsto: o desemprego. O  aumento de um ponto percentual na taxa medida pelo Instituto Brasileiro de  Geografia e Estat\u00edstica (IBGE), de 4,3% para 5,3% entre dezembro e janeiro,  poder\u00e1 detonar de vez a imagem do governo. A vis\u00e3o \u00e9 de que a corrup\u00e7\u00e3o que  destruiu a Petrobras, a ponto de a empresa ser classificada como lixo (junk) por  uma das principais ag\u00eancias de classifica\u00e7\u00e3o de risco do mundo, deixou Dilma \u00e0  beira do precip\u00edcio. O empurr\u00e3o final poder\u00e1 vir da onda de demiss\u00f5es que se  desenha no ar \u2014 apenas a ind\u00fastria fechou 216 mil vagas nos \u00faltimos 12  meses. <\/p>\n<p>T\u00e9cnicos da equipe econ\u00f4mica dizem que n\u00e3o h\u00e1 como corrigir todos  os estragos feitos no pa\u00eds no primeiro mandato de Dilma sem custos para a  popula\u00e7\u00e3o. Eles ressaltam que a promessa do ministro da Fazenda, Joaquim Levy, \u00e9  de que a arruma\u00e7\u00e3o da casa seja feita rapidamente para encurtar o sofrimento.  Mas, \u00e0 medida que a realidade se imp\u00f5e, descobre-se que o atoleiro deixado por  Guido Mantega e Arno Augustin \u00e9 muito mais profundo que o imaginado.  <\/p>\n<p>N\u00e3o  \u00e0 toa o resultado do Tesouro Nacional em janeiro ficou abaixo do projetado pelos  especialistas. O superavit prim\u00e1rio de R$ 10,4 bilh\u00f5es, o pior para o primeiro  m\u00eas do ano desde 2009, est\u00e1 contaminado pelos truques cont\u00e1beis vigentes at\u00e9 o  fim de 2014. O saldo de fevereiro tamb\u00e9m sentir\u00e1 o baque das alquimias do  governo passado, estimulando o debate de que Levy n\u00e3o conseguir\u00e1 entregar a meta  de 1,2% do Produto Interno Bruto (PIB). <\/p>\n<p>Para a equipe econ\u00f4mica, a maior  amea\u00e7a ao cumprimento da meta de superavit est\u00e1 no PT, o partido de Dilma.  Ontem, mesmo com o pux\u00e3o de orelhas dado por Lula em integrantes da legenda, a  Comiss\u00e3o Executiva Nacional do partido divulgou resolu\u00e7\u00e3o na qual defende o  \u201caperfei\u00e7oamento\u201d das medidas provis\u00f3rias que restringem o acesso a benef\u00edcios  sociais, como o seguro-desemprego e as pens\u00f5es por mortes. O PT tamb\u00e9m n\u00e3o  aceita o veto da presidente \u00e0 corre\u00e7\u00e3o de 6,5% na tabela do Imposto de  Renda. <\/p>\n<p>Essa rebeldia dos petistas explicita a fragilidade pol\u00edtica de  Dilma. Justamente o partido que deveria dar todo o respaldo ao governo \u00e9 o que  mais est\u00e1 lhe criando problemas para juntar os cacos. A presidente, por sinal, \u00e9  respons\u00e1vel por esse comportamento. Al\u00e9m de desdenhar da legenda que lhe  garantiu a disputa pela reelei\u00e7\u00e3o, mentiu descaradamente durante a campanha ao  assegurar que n\u00e3o mexeria em benef\u00edcios sociais, nem que a vaca tossisse. Os  petistas sabiam que estavam sendo enganados, mas n\u00e3o acreditavam que a  presidente promoveria uma mudan\u00e7a de rota t\u00e3o profunda na gest\u00e3o do pa\u00eds, a  come\u00e7ar pela escolha de Levy para a Fazenda. <\/p>\n<p><b>\u00c2ncora de credibilidade<\/b><b> <\/p>\n<p><\/b>A for\u00e7a de Joaquim Levy no governo ficou clara nos  jantares que ele teve com representantes do PMDB, do PT e do PSD nos \u00faltimos  dias. O ministro da Fazenda foi apresentado como a \u00e2ncora da credibilidade que o  governo quer passar. Ele abriu todas as conversas. Em m\u00e9dia, falou por 40  minutos. S\u00f3 depois se manifestavam os demais integrantes da equipe econ\u00f4mica, o  ministro do Planejamento, Nelson Barbosa, e o presidente do Banco Central,  Alexandre Tombini, que n\u00e3o participou de todos os encontros. A postura de Levy  foi a de anular o ministro da Casa Civil, Aloizio Mercadante, apontado, por  todos os pol\u00edticos, como o s\u00edmbolo maior da desastrosa comunica\u00e7\u00e3o do Pal\u00e1cio do  Planalto. <\/p>\n<p><b>Balan\u00e7o  \u00e0 vista<\/b>&nbsp;\u00bb T\u00e9cnicos da equipe econ\u00f4mica garantem que a  Petrobras, com os escrit\u00f3rios de advocacia que lhe d\u00e3o assessoria, j\u00e1 encontrou  a solu\u00e7\u00e3o para lan\u00e7ar as perdas com a corrup\u00e7\u00e3o no balan\u00e7o do terceiro trimestre  de 2014, que ainda n\u00e3o foi publicado com a auditoria da PricewaterhouseCoopers  (PwC). <\/p>\n<p><b>Sinal da PwC<\/b> <\/p>\n<p>\u00bb A diretoria da Petrobras fez  chegar ao governo que todas as op\u00e7\u00f5es para a publica\u00e7\u00e3o do balan\u00e7o do terceiro  trimestre j\u00e1 foram apresentadas \u00e0 PwC, que ficou de dar aval nos pr\u00f3ximos dias.  Por isso, a expectativa de que a estatal resolva esse problema grav\u00edssimo at\u00e9 o  fim de mar\u00e7o.Bras\u00edlia, 09h50min                                                                                                                                                               <\/p>\n<div class=\"v-InboxFooterContainer\">              <\/div>\n","protected":false},"excerpt":{"rendered":"<p>De joelhos ante o quadro ca\u00f3tico na economia e na pol\u00edtica, a presidente Dilma Rousseff ordenou a sua equipe que mude a forma de se comunicar com os eleitores. Ela determinou que, a partir de agora, o discurso seja focado na retomada do crescimento econ\u00f4mico. No entender do Pal\u00e1cio do Planalto, \u00e9 preciso difundir junto [&hellip;]<\/p>\n","protected":false},"author":22,"featured_media":0,"comment_status":"open","ping_status":"open","sticky":false,"template":"","format":"standard","meta":{"wpb_read_more":[],"footnotes":""},"categories":[1],"tags":[],"class_list":["post-53","post","type-post","status-publish","format-standard","hentry","category-sem-categoria"],"_links":{"self":[{"href":"https:\/\/blogs2.correiobraziliense.com.br\/vicente\/wp-json\/wp\/v2\/posts\/53","targetHints":{"allow":["GET"]}}],"collection":[{"href":"https:\/\/blogs2.correiobraziliense.com.br\/vicente\/wp-json\/wp\/v2\/posts"}],"about":[{"href":"https:\/\/blogs2.correiobraziliense.com.br\/vicente\/wp-json\/wp\/v2\/types\/post"}],"author":[{"embeddable":true,"href":"https:\/\/blogs2.correiobraziliense.com.br\/vicente\/wp-json\/wp\/v2\/users\/22"}],"replies":[{"embeddable":true,"href":"https:\/\/blogs2.correiobraziliense.com.br\/vicente\/wp-json\/wp\/v2\/comments?post=53"}],"version-history":[{"count":0,"href":"https:\/\/blogs2.correiobraziliense.com.br\/vicente\/wp-json\/wp\/v2\/posts\/53\/revisions"}],"wp:attachment":[{"href":"https:\/\/blogs2.correiobraziliense.com.br\/vicente\/wp-json\/wp\/v2\/media?parent=53"}],"wp:term":[{"taxonomy":"category","embeddable":true,"href":"https:\/\/blogs2.correiobraziliense.com.br\/vicente\/wp-json\/wp\/v2\/categories?post=53"},{"taxonomy":"post_tag","embeddable":true,"href":"https:\/\/blogs2.correiobraziliense.com.br\/vicente\/wp-json\/wp\/v2\/tags?post=53"}],"curies":[{"name":"wp","href":"https:\/\/api.w.org\/{rel}","templated":true}]}}