{"id":530,"date":"2016-02-26T02:46:26","date_gmt":"2016-02-26T05:46:26","guid":{"rendered":"https:\/\/blogs2.correiobraziliense.com.br\/vicente\/?p=530"},"modified":"2016-02-26T14:49:16","modified_gmt":"2016-02-26T17:49:16","slug":"japones-da-federal","status":"publish","type":"post","link":"https:\/\/blogs2.correiobraziliense.com.br\/vicente\/japones-da-federal\/","title":{"rendered":"JAPON\u00caS DA FEDERAL"},"content":{"rendered":"<p>A a\u00e7\u00e3o da Pol\u00edcia Federal que pegou executivos do grupo Gerdau por meio da Opera\u00e7\u00e3o Zelotes fez tremer muitos dirigentes de bancos privados que aparecem na lista de suspeitos de tentarem derrubar multas impostas pela Receita Federal. O p\u00e2nico \u00e9 geral.<\/p>\n","protected":false},"excerpt":{"rendered":"<p>A a\u00e7\u00e3o da Pol\u00edcia Federal que pegou executivos do grupo Gerdau por meio da Opera\u00e7\u00e3o Zelotes fez tremer muitos dirigentes de bancos privados que aparecem na lista de suspeitos de tentarem derrubar multas impostas pela Receita Federal. O p\u00e2nico \u00e9 geral.<\/p>\n","protected":false},"author":22,"featured_media":0,"comment_status":"open","ping_status":"closed","sticky":false,"template":"","format":"standard","meta":{"wpb_read_more":[],"footnotes":""},"categories":[1],"tags":[],"class_list":["post-530","post","type-post","status-publish","format-standard","hentry","category-sem-categoria"],"_links":{"self":[{"href":"https:\/\/blogs2.correiobraziliense.com.br\/vicente\/wp-json\/wp\/v2\/posts\/530","targetHints":{"allow":["GET"]}}],"collection":[{"href":"https:\/\/blogs2.correiobraziliense.com.br\/vicente\/wp-json\/wp\/v2\/posts"}],"about":[{"href":"https:\/\/blogs2.correiobraziliense.com.br\/vicente\/wp-json\/wp\/v2\/types\/post"}],"author":[{"embeddable":true,"href":"https:\/\/blogs2.correiobraziliense.com.br\/vicente\/wp-json\/wp\/v2\/users\/22"}],"replies":[{"embeddable":true,"href":"https:\/\/blogs2.correiobraziliense.com.br\/vicente\/wp-json\/wp\/v2\/comments?post=530"}],"version-history":[{"count":1,"href":"https:\/\/blogs2.correiobraziliense.com.br\/vicente\/wp-json\/wp\/v2\/posts\/530\/revisions"}],"predecessor-version":[{"id":531,"href":"https:\/\/blogs2.correiobraziliense.com.br\/vicente\/wp-json\/wp\/v2\/posts\/530\/revisions\/531"}],"wp:attachment":[{"href":"https:\/\/blogs2.correiobraziliense.com.br\/vicente\/wp-json\/wp\/v2\/media?parent=530"}],"wp:term":[{"taxonomy":"category","embeddable":true,"href":"https:\/\/blogs2.correiobraziliense.com.br\/vicente\/wp-json\/wp\/v2\/categories?post=530"},{"taxonomy":"post_tag","embeddable":true,"href":"https:\/\/blogs2.correiobraziliense.com.br\/vicente\/wp-json\/wp\/v2\/tags?post=530"}],"curies":[{"name":"wp","href":"https:\/\/api.w.org\/{rel}","templated":true}]}}