{"id":538,"date":"2016-03-01T02:19:54","date_gmt":"2016-03-01T05:19:54","guid":{"rendered":"https:\/\/blogs2.correiobraziliense.com.br\/vicente\/?p=538"},"modified":"2016-03-01T09:20:19","modified_gmt":"2016-03-01T12:20:19","slug":"o-medo-de-dilma","status":"publish","type":"post","link":"https:\/\/blogs2.correiobraziliense.com.br\/vicente\/o-medo-de-dilma\/","title":{"rendered":"O MEDO DE DILMA"},"content":{"rendered":"<p>N\u00e3o h\u00e1 d\u00favidas: ao se render \u00e0s press\u00f5es de Lula e do PT para a demiss\u00e3o de Jos\u00e9 Eduardo Cardozo do Minist\u00e9rio da Justi\u00e7a, a presidente Dilma Rousseff assumiu que tamb\u00e9m teme as investiga\u00e7\u00f5es conduzidas pela Pol\u00edcia Federal no \u00e2mbito da Opera\u00e7\u00e3o Lava-Jato.<\/p>\n","protected":false},"excerpt":{"rendered":"<p>N\u00e3o h\u00e1 d\u00favidas: ao se render \u00e0s press\u00f5es de Lula e do PT para a demiss\u00e3o de Jos\u00e9 Eduardo Cardozo do Minist\u00e9rio da Justi\u00e7a, a presidente Dilma Rousseff assumiu que tamb\u00e9m teme as investiga\u00e7\u00f5es conduzidas pela Pol\u00edcia Federal no \u00e2mbito da Opera\u00e7\u00e3o Lava-Jato.<\/p>\n","protected":false},"author":22,"featured_media":0,"comment_status":"open","ping_status":"closed","sticky":false,"template":"","format":"standard","meta":{"wpb_read_more":[],"footnotes":""},"categories":[1],"tags":[],"class_list":["post-538","post","type-post","status-publish","format-standard","hentry","category-sem-categoria"],"_links":{"self":[{"href":"https:\/\/blogs2.correiobraziliense.com.br\/vicente\/wp-json\/wp\/v2\/posts\/538","targetHints":{"allow":["GET"]}}],"collection":[{"href":"https:\/\/blogs2.correiobraziliense.com.br\/vicente\/wp-json\/wp\/v2\/posts"}],"about":[{"href":"https:\/\/blogs2.correiobraziliense.com.br\/vicente\/wp-json\/wp\/v2\/types\/post"}],"author":[{"embeddable":true,"href":"https:\/\/blogs2.correiobraziliense.com.br\/vicente\/wp-json\/wp\/v2\/users\/22"}],"replies":[{"embeddable":true,"href":"https:\/\/blogs2.correiobraziliense.com.br\/vicente\/wp-json\/wp\/v2\/comments?post=538"}],"version-history":[{"count":1,"href":"https:\/\/blogs2.correiobraziliense.com.br\/vicente\/wp-json\/wp\/v2\/posts\/538\/revisions"}],"predecessor-version":[{"id":539,"href":"https:\/\/blogs2.correiobraziliense.com.br\/vicente\/wp-json\/wp\/v2\/posts\/538\/revisions\/539"}],"wp:attachment":[{"href":"https:\/\/blogs2.correiobraziliense.com.br\/vicente\/wp-json\/wp\/v2\/media?parent=538"}],"wp:term":[{"taxonomy":"category","embeddable":true,"href":"https:\/\/blogs2.correiobraziliense.com.br\/vicente\/wp-json\/wp\/v2\/categories?post=538"},{"taxonomy":"post_tag","embeddable":true,"href":"https:\/\/blogs2.correiobraziliense.com.br\/vicente\/wp-json\/wp\/v2\/tags?post=538"}],"curies":[{"name":"wp","href":"https:\/\/api.w.org\/{rel}","templated":true}]}}