{"id":546,"date":"2016-03-02T02:09:21","date_gmt":"2016-03-02T05:09:21","guid":{"rendered":"https:\/\/blogs2.correiobraziliense.com.br\/vicente\/?p=546"},"modified":"2016-03-02T17:11:20","modified_gmt":"2016-03-02T20:11:20","slug":"subiu-mas-continua-ruim","status":"publish","type":"post","link":"https:\/\/blogs2.correiobraziliense.com.br\/vicente\/subiu-mas-continua-ruim\/","title":{"rendered":"SUBIU, MAS CONTINUA RUIM"},"content":{"rendered":"<p>A confian\u00e7a de empres\u00e1rios do com\u00e9rcio subiu em fevereiro, pelo segundo m\u00eas seguido. O indicador, calculado pela Confedera\u00e7\u00e3o Nacional do Com\u00e9rcio (CNC) cravou alta de 2,2%, para os 80,6 pontos. Em rela\u00e7\u00e3o ao mesmo per\u00edodo do ano passado, o recuo chega a 19,9%. Isso mostra que<br \/>\na percep\u00e7\u00e3o em rela\u00e7\u00e3o \u00e0 economia continua muito, mas muito ruim.<\/p>\n<p>&nbsp;<\/p>\n<p><strong>Sova da recess\u00e3o<\/strong><\/p>\n<p>&nbsp;<\/p>\n<p>Para a economista Izis Ferreira, da CNC, a queda anual de quase 20% do Icec reflete a retra\u00e7\u00e3o das vendas provocada, principalmente, pela deteriora\u00e7\u00e3o do mercado de trabalho. A popula\u00e7\u00e3o est\u00e1 cortando o que pode do or\u00e7amento familiar temendo ficar sem emprego por causa da recess\u00e3o.<\/p>\n<p>&nbsp;<\/p>\n<p><strong>CO lidera pessimismo<\/strong><\/p>\n<p>&nbsp;<\/p>\n<p>Entre as regi\u00f5es do pa\u00eds, a \u00fanica em que o \u00cdndice de Confian\u00e7a do Empres\u00e1rio do Com\u00e9rcio (Icec) caiu em fevereiro foi a Centro-Oeste. Ficou em 83,6 pontos. A queda dos pre\u00e7os das commodities, que irrigava o caixa dos agricultores, esvaziou as lojas e deixou os consumidores muito arredios. No Distrito Federal, \u00e9 o combate \u00e0 corrup\u00e7\u00e3o que tem pesado mais.<\/p>\n","protected":false},"excerpt":{"rendered":"<p>A confian\u00e7a de empres\u00e1rios do com\u00e9rcio subiu em fevereiro, pelo segundo m\u00eas seguido. O indicador, calculado pela Confedera\u00e7\u00e3o Nacional do Com\u00e9rcio (CNC) cravou alta de 2,2%, para os 80,6 pontos. Em rela\u00e7\u00e3o ao mesmo per\u00edodo do ano passado, o recuo chega a 19,9%. Isso mostra que a percep\u00e7\u00e3o em rela\u00e7\u00e3o \u00e0 economia continua muito, mas [&hellip;]<\/p>\n","protected":false},"author":22,"featured_media":0,"comment_status":"open","ping_status":"closed","sticky":false,"template":"","format":"standard","meta":{"wpb_read_more":[],"footnotes":""},"categories":[1],"tags":[],"class_list":["post-546","post","type-post","status-publish","format-standard","hentry","category-sem-categoria"],"_links":{"self":[{"href":"https:\/\/blogs2.correiobraziliense.com.br\/vicente\/wp-json\/wp\/v2\/posts\/546","targetHints":{"allow":["GET"]}}],"collection":[{"href":"https:\/\/blogs2.correiobraziliense.com.br\/vicente\/wp-json\/wp\/v2\/posts"}],"about":[{"href":"https:\/\/blogs2.correiobraziliense.com.br\/vicente\/wp-json\/wp\/v2\/types\/post"}],"author":[{"embeddable":true,"href":"https:\/\/blogs2.correiobraziliense.com.br\/vicente\/wp-json\/wp\/v2\/users\/22"}],"replies":[{"embeddable":true,"href":"https:\/\/blogs2.correiobraziliense.com.br\/vicente\/wp-json\/wp\/v2\/comments?post=546"}],"version-history":[{"count":1,"href":"https:\/\/blogs2.correiobraziliense.com.br\/vicente\/wp-json\/wp\/v2\/posts\/546\/revisions"}],"predecessor-version":[{"id":547,"href":"https:\/\/blogs2.correiobraziliense.com.br\/vicente\/wp-json\/wp\/v2\/posts\/546\/revisions\/547"}],"wp:attachment":[{"href":"https:\/\/blogs2.correiobraziliense.com.br\/vicente\/wp-json\/wp\/v2\/media?parent=546"}],"wp:term":[{"taxonomy":"category","embeddable":true,"href":"https:\/\/blogs2.correiobraziliense.com.br\/vicente\/wp-json\/wp\/v2\/categories?post=546"},{"taxonomy":"post_tag","embeddable":true,"href":"https:\/\/blogs2.correiobraziliense.com.br\/vicente\/wp-json\/wp\/v2\/tags?post=546"}],"curies":[{"name":"wp","href":"https:\/\/api.w.org\/{rel}","templated":true}]}}