{"id":555,"date":"2016-03-03T09:03:35","date_gmt":"2016-03-03T12:03:35","guid":{"rendered":"https:\/\/blogs2.correiobraziliense.com.br\/vicente\/?p=555"},"modified":"2016-03-03T11:28:49","modified_gmt":"2016-03-03T14:28:49","slug":"pib-do-desastre","status":"publish","type":"post","link":"https:\/\/blogs2.correiobraziliense.com.br\/vicente\/pib-do-desastre\/","title":{"rendered":"PIB DO DESASTRE"},"content":{"rendered":"<p>Agora \u00e9 oficial: a economia brasileira caiu 3,8% em 2015. Foi o maior tombo desde 1990, quando Collor confiscou a poupan\u00e7a. Os n\u00fameros divulgados hoje pelo Instituto Brasileiro de Geografia e Estat\u00edstica (IBGE) mostram que Dilma Rousseff quebrou o pa\u00eds. Em 2016, tudo indica que o Produto Interno Bruto (PIB) cair\u00e1 mais 4%. Nunca, em quase 90 anos, se viu dois anos seguidos de recess\u00e3o.<\/p>\n<p>&nbsp;<\/p>\n<p>A infla\u00e7\u00e3o alta e as restri\u00e7\u00f5es ao cr\u00e9dito fizeram com que o consumo das fam\u00edlias recuasse 4% em 2015, quadro que deve piorar com o aumento do desemprego. Os investimentos produtivos desabaram 14,1%. A ind\u00fastria encolheu 6,2% e o setor de servi\u00e7os, grande empregador, 2,7%. Na terra arrasada por Dilma, somente a agricultura teve desemprego positivo: subiu 1,8%. O PIB per capita desabou 4,6%. Ou seja, os brasileiros ficaram mais pobres.<\/p>\n<p>&nbsp;<\/p>\n<p>Por onde quer que se olhe, o desastre econ\u00f4mico \u00e9 assustador. Dilma trouxe de volta a infla\u00e7\u00e3o, a recess\u00e3o e o desemprego, sem falar no aprofundamento da corrup\u00e7\u00e3o. E n\u00e3o adianta botar a culpa na crise externa. O mundo est\u00e1 crescendo. Estamos pagando o pre\u00e7o de nossos pr\u00f3prios erros, das escolhas erradas do governo. O certo \u00e9 que, com o que temos hoje, o po\u00e7o ainda continuar\u00e1 sendo cavado. Dilma e sua equipe econ\u00f4mica perderam a capacidade de gerir o pa\u00eds. N\u00e3o h\u00e1 mais confian\u00e7a.<\/p>\n<p>&nbsp;<\/p>\n<p>A pergunta que n\u00e3o quer calar: at\u00e9 quando vamos aguentar isso? Pobre Brasil.<\/p>\n<p>&nbsp;<\/p>\n<p><em>Bras\u00edlia, 09h03min<\/em><\/p>\n","protected":false},"excerpt":{"rendered":"<p>Agora \u00e9 oficial: a economia brasileira caiu 3,8% em 2015. Foi o maior tombo desde 1990, quando Collor confiscou a poupan\u00e7a. Os n\u00fameros divulgados hoje pelo Instituto Brasileiro de Geografia e Estat\u00edstica (IBGE) mostram que Dilma Rousseff quebrou o pa\u00eds. Em 2016, tudo indica que o Produto Interno Bruto (PIB) cair\u00e1 mais 4%. Nunca, em [&hellip;]<\/p>\n","protected":false},"author":22,"featured_media":0,"comment_status":"open","ping_status":"closed","sticky":false,"template":"","format":"standard","meta":{"wpb_read_more":[],"footnotes":""},"categories":[1],"tags":[],"class_list":["post-555","post","type-post","status-publish","format-standard","hentry","category-sem-categoria"],"_links":{"self":[{"href":"https:\/\/blogs2.correiobraziliense.com.br\/vicente\/wp-json\/wp\/v2\/posts\/555","targetHints":{"allow":["GET"]}}],"collection":[{"href":"https:\/\/blogs2.correiobraziliense.com.br\/vicente\/wp-json\/wp\/v2\/posts"}],"about":[{"href":"https:\/\/blogs2.correiobraziliense.com.br\/vicente\/wp-json\/wp\/v2\/types\/post"}],"author":[{"embeddable":true,"href":"https:\/\/blogs2.correiobraziliense.com.br\/vicente\/wp-json\/wp\/v2\/users\/22"}],"replies":[{"embeddable":true,"href":"https:\/\/blogs2.correiobraziliense.com.br\/vicente\/wp-json\/wp\/v2\/comments?post=555"}],"version-history":[{"count":2,"href":"https:\/\/blogs2.correiobraziliense.com.br\/vicente\/wp-json\/wp\/v2\/posts\/555\/revisions"}],"predecessor-version":[{"id":557,"href":"https:\/\/blogs2.correiobraziliense.com.br\/vicente\/wp-json\/wp\/v2\/posts\/555\/revisions\/557"}],"wp:attachment":[{"href":"https:\/\/blogs2.correiobraziliense.com.br\/vicente\/wp-json\/wp\/v2\/media?parent=555"}],"wp:term":[{"taxonomy":"category","embeddable":true,"href":"https:\/\/blogs2.correiobraziliense.com.br\/vicente\/wp-json\/wp\/v2\/categories?post=555"},{"taxonomy":"post_tag","embeddable":true,"href":"https:\/\/blogs2.correiobraziliense.com.br\/vicente\/wp-json\/wp\/v2\/tags?post=555"}],"curies":[{"name":"wp","href":"https:\/\/api.w.org\/{rel}","templated":true}]}}