{"id":560,"date":"2016-03-04T03:12:21","date_gmt":"2016-03-04T06:12:21","guid":{"rendered":"https:\/\/blogs2.correiobraziliense.com.br\/vicente\/?p=560"},"modified":"2016-03-04T11:12:58","modified_gmt":"2016-03-04T14:12:58","slug":"muita-bobagem","status":"publish","type":"post","link":"https:\/\/blogs2.correiobraziliense.com.br\/vicente\/muita-bobagem\/","title":{"rendered":"MUITA BOBAGEM"},"content":{"rendered":"<p>\u00bb T\u00e9cnicos da equipe econ\u00f4mica n\u00e3o se surpreenderam com o recuo de quase 4% do PIB no ano passado. Um dos mais conceituados economistas da Esplanada diz que \u201co tombo foi pequeno diante de tanta bobagem cometida pela governo\u201d.<\/p>\n<p>&nbsp;<\/p>\n<p><strong>Sa\u00edda de Dilma<\/strong><\/p>\n<p>&nbsp;<\/p>\n<p>\u00bb Para o mesmo economista do governo, com o terremoto de ontem na pol\u00edtica, a economia vai afundar mais. Em compensa\u00e7\u00e3o, se houver chance real de Dilma deixar o poder, a rea\u00e7\u00e3o vir\u00e1 r\u00e1pido. Os mercados j\u00e1 antecipam esse movimento.<\/p>\n","protected":false},"excerpt":{"rendered":"<p>\u00bb T\u00e9cnicos da equipe econ\u00f4mica n\u00e3o se surpreenderam com o recuo de quase 4% do PIB no ano passado. Um dos mais conceituados economistas da Esplanada diz que \u201co tombo foi pequeno diante de tanta bobagem cometida pela governo\u201d. &nbsp; Sa\u00edda de Dilma &nbsp; \u00bb Para o mesmo economista do governo, com o terremoto de [&hellip;]<\/p>\n","protected":false},"author":22,"featured_media":0,"comment_status":"open","ping_status":"closed","sticky":false,"template":"","format":"standard","meta":{"wpb_read_more":[],"footnotes":""},"categories":[1],"tags":[],"class_list":["post-560","post","type-post","status-publish","format-standard","hentry","category-sem-categoria"],"_links":{"self":[{"href":"https:\/\/blogs2.correiobraziliense.com.br\/vicente\/wp-json\/wp\/v2\/posts\/560","targetHints":{"allow":["GET"]}}],"collection":[{"href":"https:\/\/blogs2.correiobraziliense.com.br\/vicente\/wp-json\/wp\/v2\/posts"}],"about":[{"href":"https:\/\/blogs2.correiobraziliense.com.br\/vicente\/wp-json\/wp\/v2\/types\/post"}],"author":[{"embeddable":true,"href":"https:\/\/blogs2.correiobraziliense.com.br\/vicente\/wp-json\/wp\/v2\/users\/22"}],"replies":[{"embeddable":true,"href":"https:\/\/blogs2.correiobraziliense.com.br\/vicente\/wp-json\/wp\/v2\/comments?post=560"}],"version-history":[{"count":1,"href":"https:\/\/blogs2.correiobraziliense.com.br\/vicente\/wp-json\/wp\/v2\/posts\/560\/revisions"}],"predecessor-version":[{"id":561,"href":"https:\/\/blogs2.correiobraziliense.com.br\/vicente\/wp-json\/wp\/v2\/posts\/560\/revisions\/561"}],"wp:attachment":[{"href":"https:\/\/blogs2.correiobraziliense.com.br\/vicente\/wp-json\/wp\/v2\/media?parent=560"}],"wp:term":[{"taxonomy":"category","embeddable":true,"href":"https:\/\/blogs2.correiobraziliense.com.br\/vicente\/wp-json\/wp\/v2\/categories?post=560"},{"taxonomy":"post_tag","embeddable":true,"href":"https:\/\/blogs2.correiobraziliense.com.br\/vicente\/wp-json\/wp\/v2\/tags?post=560"}],"curies":[{"name":"wp","href":"https:\/\/api.w.org\/{rel}","templated":true}]}}