{"id":564,"date":"2016-03-06T03:46:50","date_gmt":"2016-03-06T06:46:50","guid":{"rendered":"https:\/\/blogs2.correiobraziliense.com.br\/vicente\/?p=564"},"modified":"2016-03-06T14:48:13","modified_gmt":"2016-03-06T17:48:13","slug":"contentando-se-com-pouco","status":"publish","type":"post","link":"https:\/\/blogs2.correiobraziliense.com.br\/vicente\/contentando-se-com-pouco\/","title":{"rendered":"CONTENTANDO-SE COM POUCO"},"content":{"rendered":"<p>\u00bb A equipe econ\u00f4mica preparou um discurso positivo para a pr\u00f3xima quarta-feira, quando o Instituto Brasileiro de Geografia e Estat\u00edstica (IBGE) divulgar\u00e1 a infla\u00e7\u00e3o de fevereiro. A aposta \u00e9 de que a taxa ficar\u00e1 abaixo de 1%, o que \u00e9 visto como uma vit\u00f3ria nesse momento de tanta dificuldade.<\/p>\n<p>&nbsp;<\/p>\n<p><strong>Salve-se quem puder<\/strong><\/p>\n<p>&nbsp;<\/p>\n<p>\u00bb Os economistas do governo admitem, por\u00e9m, que qualquer boa not\u00edcia na economia ser\u00e1 ofuscada pelas turbul\u00eancias pol\u00edticas. Em Bras\u00edlia, n\u00e3o se fala outra coisa que n\u00e3o sejam os desdobramentos da Lava-Jato. Agora que Lula foi pego, tudo pode acontecer, ressalta um t\u00e9cnico. \u201cVirou um salve-se quem puder.\u201d<\/p>\n<p>&nbsp;<\/p>\n<p><em>Bras\u00edlia, 03h47min<\/em><\/p>\n","protected":false},"excerpt":{"rendered":"<p>\u00bb A equipe econ\u00f4mica preparou um discurso positivo para a pr\u00f3xima quarta-feira, quando o Instituto Brasileiro de Geografia e Estat\u00edstica (IBGE) divulgar\u00e1 a infla\u00e7\u00e3o de fevereiro. A aposta \u00e9 de que a taxa ficar\u00e1 abaixo de 1%, o que \u00e9 visto como uma vit\u00f3ria nesse momento de tanta dificuldade. &nbsp; Salve-se quem puder &nbsp; \u00bb [&hellip;]<\/p>\n","protected":false},"author":22,"featured_media":0,"comment_status":"open","ping_status":"closed","sticky":false,"template":"","format":"standard","meta":{"wpb_read_more":[],"footnotes":""},"categories":[1],"tags":[],"class_list":["post-564","post","type-post","status-publish","format-standard","hentry","category-sem-categoria"],"_links":{"self":[{"href":"https:\/\/blogs2.correiobraziliense.com.br\/vicente\/wp-json\/wp\/v2\/posts\/564","targetHints":{"allow":["GET"]}}],"collection":[{"href":"https:\/\/blogs2.correiobraziliense.com.br\/vicente\/wp-json\/wp\/v2\/posts"}],"about":[{"href":"https:\/\/blogs2.correiobraziliense.com.br\/vicente\/wp-json\/wp\/v2\/types\/post"}],"author":[{"embeddable":true,"href":"https:\/\/blogs2.correiobraziliense.com.br\/vicente\/wp-json\/wp\/v2\/users\/22"}],"replies":[{"embeddable":true,"href":"https:\/\/blogs2.correiobraziliense.com.br\/vicente\/wp-json\/wp\/v2\/comments?post=564"}],"version-history":[{"count":1,"href":"https:\/\/blogs2.correiobraziliense.com.br\/vicente\/wp-json\/wp\/v2\/posts\/564\/revisions"}],"predecessor-version":[{"id":565,"href":"https:\/\/blogs2.correiobraziliense.com.br\/vicente\/wp-json\/wp\/v2\/posts\/564\/revisions\/565"}],"wp:attachment":[{"href":"https:\/\/blogs2.correiobraziliense.com.br\/vicente\/wp-json\/wp\/v2\/media?parent=564"}],"wp:term":[{"taxonomy":"category","embeddable":true,"href":"https:\/\/blogs2.correiobraziliense.com.br\/vicente\/wp-json\/wp\/v2\/categories?post=564"},{"taxonomy":"post_tag","embeddable":true,"href":"https:\/\/blogs2.correiobraziliense.com.br\/vicente\/wp-json\/wp\/v2\/tags?post=564"}],"curies":[{"name":"wp","href":"https:\/\/api.w.org\/{rel}","templated":true}]}}