{"id":57,"date":"2015-03-04T09:08:00","date_gmt":"2015-03-04T12:08:00","guid":{"rendered":"https:\/\/blogs2.correiobraziliense.com.br\/vicente\/a_tregua_acabou\/"},"modified":"2015-03-04T09:08:00","modified_gmt":"2015-03-04T12:08:00","slug":"a_tregua_acabou","status":"publish","type":"post","link":"https:\/\/blogs2.correiobraziliense.com.br\/vicente\/a_tregua_acabou\/","title":{"rendered":"A TR\u00c9GUA ACABOU"},"content":{"rendered":"\n<p>A decis\u00e3o do presidente do Senado, Renan Calheiros, de partir para cima da presidente Dilma Rousseff e devolver ao Pal\u00e1cio do Planalto a MP 669, que aumenta impostos sobre a folha de pagamento das empresas, d\u00e1 a exata dimens\u00e3o da fragilidade do ajuste fiscal prometido pelo ministro da Fazenda, Joaquim Levy. Os custos para o pa\u00eds desse embate pol\u00edtico ser\u00e3o enormes. O d\u00f3lar deve passar dos R$ 3 rapidamente e os riscos de rebaixamento do Brasil se agigantaram. <\/p>\n<p>Para Eduardo Velho, economista-chefe da INVX Global Partners, a tr\u00e9gua que os investidores vinham dando ao governo, reconhecendo o esfor\u00e7o de Levy em arrumar as finan\u00e7as p\u00fablicas, vai acabar. Ele ressalta que, a despeito dos sinais emitidos pelo mercado, em nenhum momento os agentes econ\u00f4micos se livraram das d\u00favidas em rela\u00e7\u00e3o ao ajuste fiscal. <\/p>\n<p>Mesmo com o chefe da equipe econ\u00f4mica surpreendendo com seguidos an\u00fancios de medidas fortes para garantir o cumprimento da meta fiscal de 1,2% do Produto Interno Bruto (PIB), os investidores sempre questionaram o real compromisso da presidente Dilma Rousseff em avalizar o arrocho. Muitos chegaram a apostar quanto tempo Levy ficaria no cargo. <\/p>\n<p>Foram necess\u00e1rios quase dois meses para que Dilma emitisse sinais p\u00fablicos de apoio ao ministro. Isso, no entanto, n\u00e3o acalmou os agentes econ\u00f4micos, pois a presidente passou a ser confrontada pelo seu pr\u00f3prio partido, o PT. A gritaria de deputados e senadores da legenda contra as medidas que restringem o seguro desemprego, o abono salarial e as pens\u00f5es por mortes explicitou o quanto o governo estava com a base pol\u00edtica fragilizada. <\/p>\n<p>Dilma contava, por\u00e9m, com o apoio do PMDB para aprovar, no Congresso, o ajuste que o pa\u00eds tanto precisa para sair do atoleiro. A contragosto, jantou com lideran\u00e7as do partido para convenc\u00ea-los de que uma nova era come\u00e7ava na rela\u00e7\u00e3o entre o Planalto e os aliados. Renan, por sinal, n\u00e3o compareceu aos rapap\u00e9s. J\u00e1 tinha decidido confrontar a presidente, pela qual n\u00e3o nutre nenhuma simpatia, e tentar criar um fato positivo diante da certeza de que est\u00e1 na lista dos pol\u00edticos que ser\u00e3o denunciados pelo procurador-geral da Rep\u00fablica, Rodrigo Janot, por envolvimento na corrup\u00e7\u00e3o que destruiu a Petrobras. <\/p>\n<p>A determina\u00e7\u00e3o de Dilma ontem a Levy foi para manter o discurso da austeridade fiscal, pois o governo usaria outro instrumento, um projeto de lei com urg\u00eancia constitucional, para garantir a redu\u00e7\u00e3o das desonera\u00e7\u00f5es ao setor produtivo. O ministro, por sinal, usar\u00e1 todos os argumentos poss\u00edveis para convencer representantes de ag\u00eancias de classifica\u00e7\u00e3o de risco, com os quais se encontrar\u00e1, de que o compromisso com o superavit prim\u00e1rio de 1,2% do PIB \u00e9 irrevers\u00edvel. <\/p>\n<p>\u201cN\u00e3o passaremos recibo. O ajuste fiscal \u00e9 para valer. A rea\u00e7\u00e3o do senador Renan foi exagerada. Mas isso n\u00e3o far\u00e1 o governo recuar\u201d, garante um t\u00e9cnico da equipe econ\u00f4mica. Ele admite que os investidores reagir\u00e3o mal \u00e0 briga entre Dilma e o presidente do senado, mas ressalta que o compromisso do governo com a reconstru\u00e7\u00e3o da confian\u00e7a ser\u00e1 refor\u00e7ado hoje pelo Banco Central, que dever\u00e1 aumentar a taxa b\u00e1sica de juros (Selic) em 0,5 ponto percentual, para 12,75% ao ano. \u201cO BC far\u00e1 isso, mesmo com a economia mergulhada na recess\u00e3o. Neste momento, a prioridade da autoridade monet\u00e1ria \u00e9 combater a infla\u00e7\u00e3o, que est\u00e1 em um n\u00edvel inaceit\u00e1vel\u201d, acrescenta. <\/p>\n<p><b>BC dar\u00e1 refor\u00e7o<\/b>&nbsp;\u00bb A rea\u00e7\u00e3o de Renan Calheiros \u00e0 inclus\u00e3o de seu nome na lista dos investigados pela Opera\u00e7\u00e3o Lava-Jato jogou uma p\u00e1 de cal na esperan\u00e7a do governo e de pequena parcela do mercado de que o Banco Central pudesse aumentar os juros em apenas 0,25 ponto percentual hoje e encerrar o aperto. Agora, a vis\u00e3o \u00e9 de que a institui\u00e7\u00e3o n\u00e3o s\u00f3 ser\u00e1 dura, como poder\u00e1 estender o ciclo de alta da Selic para al\u00e9m de abril, a fim de garantir a credibilidade da nova pol\u00edtica econ\u00f4mica.&nbsp;<b>Peso do d\u00f3lar na infla\u00e7\u00e3o<\/b>&nbsp;\u00bb Para Fl\u00e1vio Serrano, economista do Besi Investimentos, a disparada do d\u00f3lar n\u00e3o deixou qualquer alternativa ao BC, a n\u00e3o ser pesar a m\u00e3o sobre a taxa b\u00e1sica da economia. Pelas contas dele, a moeda norte-americana acumulou alta de 8% entre a reuni\u00e3o de janeiro do Comit\u00eade Pol\u00edtica Monet\u00e1ria (Copom) e a de hoje. O impacto dessa arrancada sobre a infla\u00e7\u00e3o ser\u00e1 de 0,4 ponto percentual. <\/p>\n<p><b>Quadro de chorar<\/b>&nbsp;\u00bb Pedro Paulo Silveira, economista-chefe da TOV Corretora, tra\u00e7a um quadro assustador para a economia. Com a eleva\u00e7\u00e3o de 25% da energia el\u00e9trica, incluindo o aumento extraordin\u00e1rio e o reajuste das bandeiras tarif\u00e1rias, a infla\u00e7\u00e3o vai encostar em 9% nos 12 meses terminados em mar\u00e7o. Ele prev\u00ea queda entre 2% e 4% do PIB neste ano. <\/p>\n<p>&nbsp;<b>Baque do IPCA<\/b>&nbsp;\u00bb O Instituto Brasileiro de Geografia e Estat\u00edstica (IBGE) divulga, na pr\u00f3xima sexta-feira, a infla\u00e7\u00e3o de fevereiro. As estimativas do mercado variam entre 0,90% e 1,21% no m\u00eas e entre 7,40% e 7,69% em 12 meses, puxada pelos combust\u00edveis. Ser\u00e1 um baque para o governo. <\/p>\n<p>&nbsp;<b>Apoio aos pequenos<\/b>&nbsp;\u00bb O Conselho Empresarial para o Desenvolvimento Sustent\u00e1vel, com apoio do Pacto Global da ONU, lan\u00e7a hoje a cartilha de financiamento para pequenos e m\u00e9dios produtores rurais, que respondem por 70% dos alimentos que chegam \u00e0smesas dos brasileiros. <\/p>\n<p>Bras\u00edlia, 09h10min   <\/p>\n","protected":false},"excerpt":{"rendered":"<p>A decis\u00e3o do presidente do Senado, Renan Calheiros, de partir para cima da presidente Dilma Rousseff e devolver ao Pal\u00e1cio do Planalto a MP 669, que aumenta impostos sobre a folha de pagamento das empresas, d\u00e1 a exata dimens\u00e3o da fragilidade do ajuste fiscal prometido pelo ministro da Fazenda, Joaquim Levy. Os custos para o [&hellip;]<\/p>\n","protected":false},"author":22,"featured_media":0,"comment_status":"open","ping_status":"open","sticky":false,"template":"","format":"standard","meta":{"wpb_read_more":[],"footnotes":""},"categories":[1],"tags":[],"class_list":["post-57","post","type-post","status-publish","format-standard","hentry","category-sem-categoria"],"_links":{"self":[{"href":"https:\/\/blogs2.correiobraziliense.com.br\/vicente\/wp-json\/wp\/v2\/posts\/57","targetHints":{"allow":["GET"]}}],"collection":[{"href":"https:\/\/blogs2.correiobraziliense.com.br\/vicente\/wp-json\/wp\/v2\/posts"}],"about":[{"href":"https:\/\/blogs2.correiobraziliense.com.br\/vicente\/wp-json\/wp\/v2\/types\/post"}],"author":[{"embeddable":true,"href":"https:\/\/blogs2.correiobraziliense.com.br\/vicente\/wp-json\/wp\/v2\/users\/22"}],"replies":[{"embeddable":true,"href":"https:\/\/blogs2.correiobraziliense.com.br\/vicente\/wp-json\/wp\/v2\/comments?post=57"}],"version-history":[{"count":0,"href":"https:\/\/blogs2.correiobraziliense.com.br\/vicente\/wp-json\/wp\/v2\/posts\/57\/revisions"}],"wp:attachment":[{"href":"https:\/\/blogs2.correiobraziliense.com.br\/vicente\/wp-json\/wp\/v2\/media?parent=57"}],"wp:term":[{"taxonomy":"category","embeddable":true,"href":"https:\/\/blogs2.correiobraziliense.com.br\/vicente\/wp-json\/wp\/v2\/categories?post=57"},{"taxonomy":"post_tag","embeddable":true,"href":"https:\/\/blogs2.correiobraziliense.com.br\/vicente\/wp-json\/wp\/v2\/tags?post=57"}],"curies":[{"name":"wp","href":"https:\/\/api.w.org\/{rel}","templated":true}]}}