{"id":579,"date":"2016-03-10T01:20:53","date_gmt":"2016-03-10T04:20:53","guid":{"rendered":"https:\/\/blogs2.correiobraziliense.com.br\/vicente\/?p=579"},"modified":"2016-03-10T09:21:48","modified_gmt":"2016-03-10T12:21:48","slug":"volta-a-pobreza","status":"publish","type":"post","link":"https:\/\/blogs2.correiobraziliense.com.br\/vicente\/volta-a-pobreza\/","title":{"rendered":"VOLTA \u00c0 POBREZA"},"content":{"rendered":"<p>Os quase 4 milh\u00f5es de brasileiros que voltaram \u00e0 pobreza em 2015 podem se transformar em 8 milh\u00f5es neste ano com o aprofundamento da recess\u00e3o, a alta do desemprego e a queda da renda.<\/p>\n","protected":false},"excerpt":{"rendered":"<p>Os quase 4 milh\u00f5es de brasileiros que voltaram \u00e0 pobreza em 2015 podem se transformar em 8 milh\u00f5es neste ano com o aprofundamento da recess\u00e3o, a alta do desemprego e a queda da renda.<\/p>\n","protected":false},"author":22,"featured_media":0,"comment_status":"open","ping_status":"closed","sticky":false,"template":"","format":"standard","meta":{"wpb_read_more":[],"footnotes":""},"categories":[1],"tags":[],"class_list":["post-579","post","type-post","status-publish","format-standard","hentry","category-sem-categoria"],"_links":{"self":[{"href":"https:\/\/blogs2.correiobraziliense.com.br\/vicente\/wp-json\/wp\/v2\/posts\/579","targetHints":{"allow":["GET"]}}],"collection":[{"href":"https:\/\/blogs2.correiobraziliense.com.br\/vicente\/wp-json\/wp\/v2\/posts"}],"about":[{"href":"https:\/\/blogs2.correiobraziliense.com.br\/vicente\/wp-json\/wp\/v2\/types\/post"}],"author":[{"embeddable":true,"href":"https:\/\/blogs2.correiobraziliense.com.br\/vicente\/wp-json\/wp\/v2\/users\/22"}],"replies":[{"embeddable":true,"href":"https:\/\/blogs2.correiobraziliense.com.br\/vicente\/wp-json\/wp\/v2\/comments?post=579"}],"version-history":[{"count":1,"href":"https:\/\/blogs2.correiobraziliense.com.br\/vicente\/wp-json\/wp\/v2\/posts\/579\/revisions"}],"predecessor-version":[{"id":580,"href":"https:\/\/blogs2.correiobraziliense.com.br\/vicente\/wp-json\/wp\/v2\/posts\/579\/revisions\/580"}],"wp:attachment":[{"href":"https:\/\/blogs2.correiobraziliense.com.br\/vicente\/wp-json\/wp\/v2\/media?parent=579"}],"wp:term":[{"taxonomy":"category","embeddable":true,"href":"https:\/\/blogs2.correiobraziliense.com.br\/vicente\/wp-json\/wp\/v2\/categories?post=579"},{"taxonomy":"post_tag","embeddable":true,"href":"https:\/\/blogs2.correiobraziliense.com.br\/vicente\/wp-json\/wp\/v2\/tags?post=579"}],"curies":[{"name":"wp","href":"https:\/\/api.w.org\/{rel}","templated":true}]}}