{"id":58,"date":"2015-03-05T18:51:00","date_gmt":"2015-03-05T21:51:00","guid":{"rendered":"https:\/\/blogs2.correiobraziliense.com.br\/vicente\/o_custo_da_arrogancia\/"},"modified":"2015-03-05T18:51:00","modified_gmt":"2015-03-05T21:51:00","slug":"o_custo_da_arrogancia","status":"publish","type":"post","link":"https:\/\/blogs2.correiobraziliense.com.br\/vicente\/o_custo_da_arrogancia\/","title":{"rendered":"O CUSTO DA ARROG\u00c2NCIA"},"content":{"rendered":"\n<p>A presidente Dilma Rousseff est\u00e1 sentindo o quanto custa caro a arrog\u00e2ncia. Mesmo reeleita com uma margem pequena de votos, acreditou que continuaria tendo poder de sobra para manter o modelo de decis\u00e3o do primeiro mandato: ela e mais ningu\u00e9m. Foi essa postura que levou o Brasil a mergulhar na mais grave crise econ\u00f4mica desde a edi\u00e7\u00e3o do Plano Real, em 1994, e a criar um ambiente pol\u00edtico totalmente hostil ao governo. <\/p>\n<p>Independentemente dos interesses escusos do senador Renan Calheiros de devolver para o Pal\u00e1cio do Planalto a MP 669, que trata das desonera\u00e7\u00f5es, a iniciativa explicitou o quanto Dilma errou a se achar acima do bem e do mal. Como se pudesse inventar a roda na economia e na pol\u00edtica. Ao mesmo tempo em que empurrou o pa\u00eds para uma grave recess\u00e3o, a presidente criou uma crise de governabilidade. Se quiser terminar o segundo mandato de p\u00e9, ter\u00e1 de se submeter aos interesses do PMDB, sem o qual n\u00e3o conseguir\u00e1 levar adiante o ajuste fiscal proposto pelo ministro da Fazenda, Joaquim Levy. <\/p>\n<p>Dilma sabe os riscos que corre. E, para n\u00e3o ser engolida de vez pela crise que criou, ter\u00e1 de se afastar de suas convic\u00e7\u00f5es de esquerda e migrar mais para o centro-direita. Ter\u00e1 que seguir o caminho trilhado por seu criador, o ex-presidente Lula, que n\u00e3o se intimidou em assumir a postura de um violinista, segurando o instrumento musical com a m\u00e3o esquerda e tocando com a direita. A presidente sabe que est\u00e1 ref\u00e9m do PMDB e ser\u00e1 chantageada pelo partido. Sabe, tamb\u00e9m, que precisa de Levy para tentar reverter, o quanto antes, o desastre econ\u00f4mico para o qual ela empurrou o pa\u00eds. <\/p>\n<p>Dentro do Planalto, o clima \u00e9 de tens\u00e3o. A vis\u00e3o \u00e9 de que, para recuperar a governabilidade, o governo ter\u00e1 que mexer no ajuste fiscal, talvez at\u00e9 abrand\u00e1-lo. Ainda assim, precisar\u00e1 pagar a conta se quiser aprovar parte do arrocho e evitar o rebaixamento do pa\u00eds pelas ag\u00eancias de classifica\u00e7\u00e3o de risco. Nas palavras dos pol\u00edticos, o acerto de contas da arrog\u00e2ncia vir\u00e1 por meio do rateio de cargos na Esplanada dos Minist\u00e9rios. <\/p>\n<p>Para assessores de Dilma, o lobby contra o ajuste fiscal est\u00e1 fort\u00edssimo no Congresso. Acreditam que decis\u00e3o da presidente de segurar os cargos do segundo e do terceiro escal\u00f5es para ter poder de barganha na vota\u00e7\u00e3o do ajuste fiscal s\u00f3 piorou a situa\u00e7\u00e3o, porque, agora, todos est\u00e3o insatisfeitos. Pior: a petista est\u00e1 com a popularidade em baixa. N\u00e3o tem mais o argumento de que, com o apoio do povo, n\u00e3o precisa se render \u00e0 pol\u00edtica rasteira da troca de favores que prevalece entre os partidos pol\u00edticos. O Pal\u00e1cio fraco s\u00f3 faz com que todo mundo queira tirar uma casquinha. <\/p>\n<p>Foi essa vis\u00e3o, por sinal, que levou p\u00e2nico aos investidores ontem, a ponto de o d\u00f3lar superar os R$ 3. A fragilidade do governo deixou a sensa\u00e7\u00e3o de um pa\u00eds sem rumo. Apesar de o ministro da Fazenda ter garantido a investidores e empres\u00e1rios, com os quais se encontrou depois da trai\u00e7\u00e3o de Renan, que o compromisso fiscal est\u00e1 mantido, muitos sa\u00edram da conversa convencidos de que o governo est\u00e1 se desmontando r\u00e1pido demais. Os mais pessimistas j\u00e1 veem uma poss\u00edvel queda de 1,5% do Produto Interno Bruto (PIB) neste ano como piso, tamanha a paralisia da atividade e a onda de desconfian\u00e7a. <\/p>\n<p>Press\u00e3o reduz risco de erros <\/p>\n<p>\u00bb Os investidores acreditam que pode ser bom para o pa\u00eds ter a presidente Dilma sob press\u00e3o. O risco de ela insistir nos erros diminui e garante medidas efetivas para tirar o pa\u00eds do atoleiro. Ningu\u00e9m espera, por\u00e9m, uma travessia tranquila at\u00e9 que o ajuste fiscal comece a dar resultados. Ao caminhar mais para o centro-direita, a presidente ter\u00e1 que lidar com a ira do PT. Ao seu partido, restar\u00e1 pouco a oferecer. <\/p>\n<p>BC longe da mira <\/p>\n<p>\u00bb Com o Pal\u00e1cio sob pesado tiroteio, ningu\u00e9m do entorno de Dilma deu aten\u00e7\u00e3o \u00e0 decis\u00e3o do Banco Central de elevar a taxa b\u00e1sica de juros (Selic) para 12,75% ao ano. Mas esse distanciamento vai diminuir quando aparecerem os n\u00fameros da atividade. Antes da pr\u00f3xima reuni\u00e3o do Comit\u00ea de Pol\u00edtica Monet\u00e1ria (Copom), no fim de abril, o governo j\u00e1 ter\u00e1 em m\u00e3os a queda do PIB no quatro trimestre de 2014 e indicadores preliminares mostrando que os primeiros tr\u00eas meses de 2015 foram terr\u00edveis. <\/p>\n<p>Souza Cruz fora da bolsa <\/p>\n<p>\u00bb O processo para o fechamento de capital da Souza Cruz est\u00e1 acelerado. \u201cA decis\u00e3o \u00e9 da British American Tobacco (BAT), a acionista majorit\u00e1ria, que tem todo o direito de fazer suas avalia\u00e7\u00f5es de aloca\u00e7\u00e3o de recursos\u201d, diz o presidente da empresa, Andrea Martini. A BAT considera, \u201cdo ponto de vista estrat\u00e9gico e financeiro\u201d, este o momento mais apropriado para sair da bolsa de valores. <\/p>\n<p>Os reis da cocada preta <\/p>\n<p>\u00bb Ao cobrarem reajuste m\u00e9dio de 35% nos sal\u00e1rios, os auditores da Receita Federal se autointitulam \u201ca nata da na\u00e7\u00e3o\u201d, os \u201cmais qualificados servidores p\u00fablicos do pa\u00eds\u201d e os \u201ctend\u00f5es da Rep\u00fablica\u201d. Em manifesta\u00e7\u00e3o ontem, afirmaram que n\u00e3o podem conviver com tanto arrocho. Segundo a servidora Adise Bastos, da Bahia, \u201cantes, os fiscais podiam sair de f\u00e9rias e, com o dinheiro recebido, viajar para e exterior e ainda comprar um carro novo\u201d. Agora, o rendimento n\u00e3o chega ao fim do m\u00eas. <\/p>\n<p>Bras\u00edlia, 18h55min   <\/p>\n","protected":false},"excerpt":{"rendered":"<p>A presidente Dilma Rousseff est\u00e1 sentindo o quanto custa caro a arrog\u00e2ncia. Mesmo reeleita com uma margem pequena de votos, acreditou que continuaria tendo poder de sobra para manter o modelo de decis\u00e3o do primeiro mandato: ela e mais ningu\u00e9m. Foi essa postura que levou o Brasil a mergulhar na mais grave crise econ\u00f4mica desde [&hellip;]<\/p>\n","protected":false},"author":22,"featured_media":0,"comment_status":"open","ping_status":"open","sticky":false,"template":"","format":"standard","meta":{"wpb_read_more":[],"footnotes":""},"categories":[1],"tags":[],"class_list":["post-58","post","type-post","status-publish","format-standard","hentry","category-sem-categoria"],"_links":{"self":[{"href":"https:\/\/blogs2.correiobraziliense.com.br\/vicente\/wp-json\/wp\/v2\/posts\/58","targetHints":{"allow":["GET"]}}],"collection":[{"href":"https:\/\/blogs2.correiobraziliense.com.br\/vicente\/wp-json\/wp\/v2\/posts"}],"about":[{"href":"https:\/\/blogs2.correiobraziliense.com.br\/vicente\/wp-json\/wp\/v2\/types\/post"}],"author":[{"embeddable":true,"href":"https:\/\/blogs2.correiobraziliense.com.br\/vicente\/wp-json\/wp\/v2\/users\/22"}],"replies":[{"embeddable":true,"href":"https:\/\/blogs2.correiobraziliense.com.br\/vicente\/wp-json\/wp\/v2\/comments?post=58"}],"version-history":[{"count":0,"href":"https:\/\/blogs2.correiobraziliense.com.br\/vicente\/wp-json\/wp\/v2\/posts\/58\/revisions"}],"wp:attachment":[{"href":"https:\/\/blogs2.correiobraziliense.com.br\/vicente\/wp-json\/wp\/v2\/media?parent=58"}],"wp:term":[{"taxonomy":"category","embeddable":true,"href":"https:\/\/blogs2.correiobraziliense.com.br\/vicente\/wp-json\/wp\/v2\/categories?post=58"},{"taxonomy":"post_tag","embeddable":true,"href":"https:\/\/blogs2.correiobraziliense.com.br\/vicente\/wp-json\/wp\/v2\/tags?post=58"}],"curies":[{"name":"wp","href":"https:\/\/api.w.org\/{rel}","templated":true}]}}