{"id":581,"date":"2016-03-10T15:46:10","date_gmt":"2016-03-10T18:46:10","guid":{"rendered":"https:\/\/blogs2.correiobraziliense.com.br\/vicente\/?p=581"},"modified":"2016-03-10T15:47:34","modified_gmt":"2016-03-10T18:47:34","slug":"barbosa-treme","status":"publish","type":"post","link":"https:\/\/blogs2.correiobraziliense.com.br\/vicente\/barbosa-treme\/","title":{"rendered":"BARBOSA TREME"},"content":{"rendered":"<p>O discurso de Nelson Barbosa, ministro da Fazenda, considerado duro por v\u00e1rias pessoas do governo tem muito a ver com o enfraquecimento dele no cargo. H\u00e1 um movimento dentro do PT para afast\u00e1-lo da fun\u00e7\u00e3o. A decep\u00e7\u00e3o dos petistas \u00e9 geral, sobretudo pelo fato de Barbosa ter encampado a proposta de reforma da Previd\u00eancia Social, que o partido \u00e9 contra.<\/p>\n<p>&nbsp;<\/p>\n<p>Barbosa est\u00e1 sendo v\u00edtima do mesmo fogo amigo que ele comandou contra Joaquim Levy. Ainda no Minist\u00e9rio do Planejamento, ele trabalhou intensamente nos bastidores para derrubar todas as propostas do ent\u00e3o ministro da Fazenda para o ajuste fiscal. Tanto fez, que conseguiu defenestrar o rival e ficar com o lugar dele. Barbosa tamb\u00e9m n\u00e3o economizou nas artimanhas para derrubar seu ent\u00e3o chefe, Guido Mantega, no primeiro mandato de Dilma.<\/p>\n<p>&nbsp;<\/p>\n<p>Com Dilma cada vez mais enfraquecida e Lula ganhando espa\u00e7o no governo, diz-se que o ex-presidente est\u00e1 propenso a convencer a chefe do Executivo a fazer mudan\u00e7as na equipe econ\u00f4mica. Henrique Meirelles, o homem que Lula sonha para a Fazenda, voltou ao radar e j\u00e1 faz Barbosa tremer.<\/p>\n<p>&nbsp;<\/p>\n<p><em>Bras\u00edlia, 15h42min<\/em><\/p>\n","protected":false},"excerpt":{"rendered":"<p>O discurso de Nelson Barbosa, ministro da Fazenda, considerado duro por v\u00e1rias pessoas do governo tem muito a ver com o enfraquecimento dele no cargo. H\u00e1 um movimento dentro do PT para afast\u00e1-lo da fun\u00e7\u00e3o. A decep\u00e7\u00e3o dos petistas \u00e9 geral, sobretudo pelo fato de Barbosa ter encampado a proposta de reforma da Previd\u00eancia Social, [&hellip;]<\/p>\n","protected":false},"author":22,"featured_media":0,"comment_status":"open","ping_status":"closed","sticky":false,"template":"","format":"standard","meta":{"wpb_read_more":[],"footnotes":""},"categories":[1],"tags":[],"class_list":["post-581","post","type-post","status-publish","format-standard","hentry","category-sem-categoria"],"_links":{"self":[{"href":"https:\/\/blogs2.correiobraziliense.com.br\/vicente\/wp-json\/wp\/v2\/posts\/581","targetHints":{"allow":["GET"]}}],"collection":[{"href":"https:\/\/blogs2.correiobraziliense.com.br\/vicente\/wp-json\/wp\/v2\/posts"}],"about":[{"href":"https:\/\/blogs2.correiobraziliense.com.br\/vicente\/wp-json\/wp\/v2\/types\/post"}],"author":[{"embeddable":true,"href":"https:\/\/blogs2.correiobraziliense.com.br\/vicente\/wp-json\/wp\/v2\/users\/22"}],"replies":[{"embeddable":true,"href":"https:\/\/blogs2.correiobraziliense.com.br\/vicente\/wp-json\/wp\/v2\/comments?post=581"}],"version-history":[{"count":2,"href":"https:\/\/blogs2.correiobraziliense.com.br\/vicente\/wp-json\/wp\/v2\/posts\/581\/revisions"}],"predecessor-version":[{"id":583,"href":"https:\/\/blogs2.correiobraziliense.com.br\/vicente\/wp-json\/wp\/v2\/posts\/581\/revisions\/583"}],"wp:attachment":[{"href":"https:\/\/blogs2.correiobraziliense.com.br\/vicente\/wp-json\/wp\/v2\/media?parent=581"}],"wp:term":[{"taxonomy":"category","embeddable":true,"href":"https:\/\/blogs2.correiobraziliense.com.br\/vicente\/wp-json\/wp\/v2\/categories?post=581"},{"taxonomy":"post_tag","embeddable":true,"href":"https:\/\/blogs2.correiobraziliense.com.br\/vicente\/wp-json\/wp\/v2\/tags?post=581"}],"curies":[{"name":"wp","href":"https:\/\/api.w.org\/{rel}","templated":true}]}}