{"id":584,"date":"2016-03-10T23:23:19","date_gmt":"2016-03-11T02:23:19","guid":{"rendered":"https:\/\/blogs2.correiobraziliense.com.br\/vicente\/?p=584"},"modified":"2016-03-10T23:24:15","modified_gmt":"2016-03-11T02:24:15","slug":"caixa-faz-reestruturacao","status":"publish","type":"post","link":"https:\/\/blogs2.correiobraziliense.com.br\/vicente\/caixa-faz-reestruturacao\/","title":{"rendered":"CAIXA FAZ REESTRUTURA\u00c7\u00c3O"},"content":{"rendered":"<p>POR VERA BATISTA<\/p>\n<p>&nbsp;<\/p>\n<p>A Caixa Econ\u00f4mica Federal deu in\u00edcio a um amplo processo de reestrutura\u00e7\u00e3o, que est\u00e1 implicando em demiss\u00e3o de pessoal, redu\u00e7\u00e3o de gratifica\u00e7\u00f5es e fechamento de vagas, inclusive de superintendentes regionais. A medida tem como objetivo reduzir custos e adequar o banco \u00e0 realidade do mercado, que viu o cr\u00e9dito cair e a inadimpl\u00eancia aumentar. A gritaria entre os empregados da institui\u00e7\u00e3o \u00e9 enorme. Ontem, houve choro e protestos \u00e0 medida que as mudan\u00e7as eram anunciadas.<\/p>\n<p>&nbsp;<\/p>\n<p>Os funcion\u00e1rios da institui\u00e7\u00e3o n\u00e3o descartam a possibilidade de greve. Somente em Bras\u00edlia, houve realoca\u00e7\u00e3o de 570 pessoas e cortes de fun\u00e7\u00e3o, al\u00e9m do refor\u00e7o do plano de apoio \u00e0 aposentadoria (PAA), que j\u00e1 est\u00e1 em andamento. \u201cO sindicato vai combater esse pacote com veem\u00eancia. Se preciso, iremos para o enfrentamento, inclusive com a possibilidade de greve\u201d, informou Wandeir Severo, diretor do Sindicato dos Banc\u00e1rios e empregado da Caixa. Procurado, o banco n\u00e3o respondeu aos pedidos de entrevista.<\/p>\n<p>&nbsp;<\/p>\n<p>Nesta semana, a Caixa ampliou os limites de financiamento de im\u00f3veis usados, dentro da estrat\u00e9gia do governo de reanimar a economia por meio da oferta maior de cr\u00e9dito. A meta da institui\u00e7\u00e3o \u00e9 liberar pelo menos R$ 16 bilh\u00f5es al\u00e9m do previsto.<\/p>\n<p>&nbsp;<\/p>\n<p><em>Bras\u00edlia, 23h23min<\/em><\/p>\n","protected":false},"excerpt":{"rendered":"<p>POR VERA BATISTA &nbsp; A Caixa Econ\u00f4mica Federal deu in\u00edcio a um amplo processo de reestrutura\u00e7\u00e3o, que est\u00e1 implicando em demiss\u00e3o de pessoal, redu\u00e7\u00e3o de gratifica\u00e7\u00f5es e fechamento de vagas, inclusive de superintendentes regionais. A medida tem como objetivo reduzir custos e adequar o banco \u00e0 realidade do mercado, que viu o cr\u00e9dito cair e [&hellip;]<\/p>\n","protected":false},"author":22,"featured_media":0,"comment_status":"open","ping_status":"closed","sticky":false,"template":"","format":"standard","meta":{"wpb_read_more":[],"footnotes":""},"categories":[1],"tags":[],"class_list":["post-584","post","type-post","status-publish","format-standard","hentry","category-sem-categoria"],"_links":{"self":[{"href":"https:\/\/blogs2.correiobraziliense.com.br\/vicente\/wp-json\/wp\/v2\/posts\/584","targetHints":{"allow":["GET"]}}],"collection":[{"href":"https:\/\/blogs2.correiobraziliense.com.br\/vicente\/wp-json\/wp\/v2\/posts"}],"about":[{"href":"https:\/\/blogs2.correiobraziliense.com.br\/vicente\/wp-json\/wp\/v2\/types\/post"}],"author":[{"embeddable":true,"href":"https:\/\/blogs2.correiobraziliense.com.br\/vicente\/wp-json\/wp\/v2\/users\/22"}],"replies":[{"embeddable":true,"href":"https:\/\/blogs2.correiobraziliense.com.br\/vicente\/wp-json\/wp\/v2\/comments?post=584"}],"version-history":[{"count":3,"href":"https:\/\/blogs2.correiobraziliense.com.br\/vicente\/wp-json\/wp\/v2\/posts\/584\/revisions"}],"predecessor-version":[{"id":587,"href":"https:\/\/blogs2.correiobraziliense.com.br\/vicente\/wp-json\/wp\/v2\/posts\/584\/revisions\/587"}],"wp:attachment":[{"href":"https:\/\/blogs2.correiobraziliense.com.br\/vicente\/wp-json\/wp\/v2\/media?parent=584"}],"wp:term":[{"taxonomy":"category","embeddable":true,"href":"https:\/\/blogs2.correiobraziliense.com.br\/vicente\/wp-json\/wp\/v2\/categories?post=584"},{"taxonomy":"post_tag","embeddable":true,"href":"https:\/\/blogs2.correiobraziliense.com.br\/vicente\/wp-json\/wp\/v2\/tags?post=584"}],"curies":[{"name":"wp","href":"https:\/\/api.w.org\/{rel}","templated":true}]}}