{"id":588,"date":"2016-03-11T09:05:58","date_gmt":"2016-03-11T12:05:58","guid":{"rendered":"https:\/\/blogs2.correiobraziliense.com.br\/vicente\/?p=588"},"modified":"2016-03-11T12:22:40","modified_gmt":"2016-03-11T15:22:40","slug":"comeco-do-fim","status":"publish","type":"post","link":"https:\/\/blogs2.correiobraziliense.com.br\/vicente\/comeco-do-fim\/","title":{"rendered":"COME\u00c7O DO FIM"},"content":{"rendered":"<p>A presidente Dilma Rousseff est\u00e1 vendo seu governo ruir sem qualquer capacidade de rea\u00e7\u00e3o. O pedido do Minist\u00e9rio P\u00fablico de pris\u00e3o preventiva do ex-presidente Lula, ao qual a petista tentou se agarrar nos \u00faltimos dias em busca de sobreviv\u00eancia, foi um golpe t\u00e3o forte que, mesmo entre os mais sinceros aliados, j\u00e1 se admite a possibilidade de ela n\u00e3o terminar o mandato. A palavra ren\u00fancia, que era discutida em rodas muito restritas, passou a ser dita sem constrangimento no Pal\u00e1cio do Planalto, ainda que todos considerem remota a possibilidade de Dilma abrir m\u00e3o dos anos que lhe restam de governo.<\/p>\n<p>&nbsp;<\/p>\n<p>O clima em toda a Esplanada dos Minist\u00e9rios \u00e9 de consterna\u00e7\u00e3o. A cada dia, aumenta o grupo de auxiliares da presidente que reconhecem que a Opera\u00e7\u00e3o Lava-Jato pode, sim, derrubar o governo, seja pelo impeachment, seja pelo processo que tramita do Tribunal Superior Eleitoral (TSE), seja pela ren\u00fancia. Enquanto o envolvimento de Lula nas investiga\u00e7\u00f5es de corrup\u00e7\u00e3o na Petrobras estava na base das suspeitas, o Planalto se sentia mais confort\u00e1vel para tentar sair do imobilismo. Mas com o criador de Dilma podendo ir para a cadeia, a crise pol\u00edtica se instalou de vez no gabinete presidencial \u2014 e num grau sem precedentes.<\/p>\n<p>&nbsp;<\/p>\n<p>O entendimento \u00e9 de que, se Dilma j\u00e1 estava completamente isolada, sem base pol\u00edtica para tirar as cordas do pesco\u00e7o, agora, ser\u00e1 dif\u00edcil esperar qualquer movimento que possa dar esperan\u00e7a de descolamento da crise. Com isso, a economia tende a afundar de vez. Para o empresariado, n\u00e3o h\u00e1 como atuar num ambiente de neg\u00f3cios t\u00e3o confuso, em que n\u00e3o se sabe se o atual governo conseguir\u00e1 chegar ao fim do mandato, quem seria o potencial sucessor de Dilma e que medidas poderiam ser adotadas para a retomada da confian\u00e7a.<\/p>\n<p>&nbsp;<\/p>\n<p>Os agentes econ\u00f4micos alertam, ainda, para o risco de caos social. Est\u00e1 claro que, com Lula no centro da Lava-Jato, o pa\u00eds, que j\u00e1 vivia um clima de confronto ideol\u00f3gico, se dividiu por completo. Nesse quadro, n\u00e3o h\u00e1 qualquer perspectiva de avan\u00e7o de medidas no Congresso para desanuviar o horizonte. \u201cChegamos a um momento em que basta apertar um bot\u00e3o para mergulharmos numa convuls\u00e3o social. Estamos no pior dos mundos para aqueles que querem produzir, empregar e gerar renda\u201d, ressalta o presidente de uma das maiores empresas do pa\u00eds.<\/p>\n<p>&nbsp;<\/p>\n<p><strong>Dias de Levy<\/strong><\/p>\n<p>&nbsp;<\/p>\n<p>A situa\u00e7\u00e3o est\u00e1 t\u00e3o fora da ordem no Brasil, que o ministro da Fazenda, Nelson Barbosa, foi desautorizado ontem pelo presidente do PT, Rui Falc\u00e3o, como se fosse a coisa mais normal do mundo. Na tentativa de passar o m\u00ednimo de credibilidade, o ministro aproveitou a cerim\u00f4nia de 30 anos do Tesouro Nacional para defender a necessidade de reforma da Previd\u00eancia Social. Mas, pouco depois, em S\u00e3o Paulo, teve que ouvir de Falc\u00e3o que a reforma estava fora de qualquer cogita\u00e7\u00e3o. O encontro de Barbosa, do petista e de Lula, por sinal, sequer estava na agenda oficial do ministro, apesar de a Fazenda alegar que a conversa estava marcada havia um m\u00eas.<\/p>\n<p>&nbsp;<\/p>\n<p>Barbosa est\u00e1 sofrendo com o PT o mesmo que o seu antecessor, Joaquim Levy. Todas as vezes que alguma medida de ajuste fiscal era apresentada, o partido gritava, sob o argumento de que prejudicaria os trabalhadores. Esses ataques, ressalte-se, tinham o aval de Barbosa, que sonhava assumir o comando da Fazenda. O PT precisa entender, contudo, que o ajuste fiscal em nada prejudica a popula\u00e7\u00e3o. Muito pelo contr\u00e1rio. Foi a desarruma\u00e7\u00e3o das contas p\u00fablicas durante o governo Dilma que provocou a maior crise econ\u00f4mica do pa\u00eds em mais de tr\u00eas d\u00e9cadas, trazendo de volta a infla\u00e7\u00e3o, que maltrata, sobretudo, os mais pobres, e o desemprego, que, neste ano, pode chegar a 14%.<\/p>\n<p>&nbsp;<\/p>\n<p>A fragilidade de Barbosa \u00e9 reflexo do descalabro a que o pa\u00eds chegou. O governo se tornou uma miragem. A presidente Dilma s\u00f3 pensa em salvar a pr\u00f3pria pele. Quase nada est\u00e1 sendo feito para reverter a grav\u00edssima recess\u00e3o e recompor as for\u00e7as pol\u00edticas. Apostando no pior, o mercado financeiro, espertamente, tenta tirar proveito, ao puxar a bolsa de valores para cima e derrubar o d\u00f3lar. Sem rea\u00e7\u00e3o, cabe ao lado mais fr\u00e1gil da moeda, a popula\u00e7\u00e3o, colher os imensos preju\u00edzos.<\/p>\n<p>&nbsp;<\/p>\n<p><em>Bras\u00edlia, 08h30min<\/em><\/p>\n","protected":false},"excerpt":{"rendered":"<p>A presidente Dilma Rousseff est\u00e1 vendo seu governo ruir sem qualquer capacidade de rea\u00e7\u00e3o. O pedido do Minist\u00e9rio P\u00fablico de pris\u00e3o preventiva do ex-presidente Lula, ao qual a petista tentou se agarrar nos \u00faltimos dias em busca de sobreviv\u00eancia, foi um golpe t\u00e3o forte que, mesmo entre os mais sinceros aliados, j\u00e1 se admite a [&hellip;]<\/p>\n","protected":false},"author":22,"featured_media":0,"comment_status":"open","ping_status":"closed","sticky":false,"template":"","format":"standard","meta":{"wpb_read_more":[],"footnotes":""},"categories":[1],"tags":[],"class_list":["post-588","post","type-post","status-publish","format-standard","hentry","category-sem-categoria"],"_links":{"self":[{"href":"https:\/\/blogs2.correiobraziliense.com.br\/vicente\/wp-json\/wp\/v2\/posts\/588","targetHints":{"allow":["GET"]}}],"collection":[{"href":"https:\/\/blogs2.correiobraziliense.com.br\/vicente\/wp-json\/wp\/v2\/posts"}],"about":[{"href":"https:\/\/blogs2.correiobraziliense.com.br\/vicente\/wp-json\/wp\/v2\/types\/post"}],"author":[{"embeddable":true,"href":"https:\/\/blogs2.correiobraziliense.com.br\/vicente\/wp-json\/wp\/v2\/users\/22"}],"replies":[{"embeddable":true,"href":"https:\/\/blogs2.correiobraziliense.com.br\/vicente\/wp-json\/wp\/v2\/comments?post=588"}],"version-history":[{"count":2,"href":"https:\/\/blogs2.correiobraziliense.com.br\/vicente\/wp-json\/wp\/v2\/posts\/588\/revisions"}],"predecessor-version":[{"id":594,"href":"https:\/\/blogs2.correiobraziliense.com.br\/vicente\/wp-json\/wp\/v2\/posts\/588\/revisions\/594"}],"wp:attachment":[{"href":"https:\/\/blogs2.correiobraziliense.com.br\/vicente\/wp-json\/wp\/v2\/media?parent=588"}],"wp:term":[{"taxonomy":"category","embeddable":true,"href":"https:\/\/blogs2.correiobraziliense.com.br\/vicente\/wp-json\/wp\/v2\/categories?post=588"},{"taxonomy":"post_tag","embeddable":true,"href":"https:\/\/blogs2.correiobraziliense.com.br\/vicente\/wp-json\/wp\/v2\/tags?post=588"}],"curies":[{"name":"wp","href":"https:\/\/api.w.org\/{rel}","templated":true}]}}