{"id":59,"date":"2015-03-06T18:23:00","date_gmt":"2015-03-06T21:23:00","guid":{"rendered":"https:\/\/blogs2.correiobraziliense.com.br\/vicente\/emergencia\/"},"modified":"2015-03-06T18:23:00","modified_gmt":"2015-03-06T21:23:00","slug":"emergencia","status":"publish","type":"post","link":"https:\/\/blogs2.correiobraziliense.com.br\/vicente\/emergencia\/","title":{"rendered":"EMERG\u00caNCIA"},"content":{"rendered":"\n<p>A crise entre o Congresso e a presidente Dilma Rousseff, que vem colecionando uma s\u00e9rie de derrotas em projetos de interesse do governo, levou muitos bancos a convocarem reuni\u00f5es de emerg\u00eancia para avaliar at\u00e9 que ponto o embate pol\u00edtico pode inviabilizar o ajuste fiscal e empurrar a economia de vez para o buraco. <\/p>\n<p>Ainda que ningu\u00e9m trabalhe com uma ruptura definitiva entre o Legislativo e o Executivo, o temor \u00e9 grande devido ao r\u00e1pido enfraquecimento de Dilma. Muitos executivos do mercado financeiro j\u00e1 a veem de joelhos ante um PMDB \u00e1vido por ampliar suas garras pela Esplanada dos Minist\u00e9rios. <\/p>\n<p>Os \u00faltimos dois dias foram de muita tens\u00e3o e de piora na confian\u00e7a. Diante do tiroteio entre a chefe de governo e o presidente do Senado, Renan Calheiros, boa parte dos analistas refez as contas e passou a projetar indicadores ainda mais desanimadores para a economia. <\/p>\n<p>A expectativa, agora, \u00e9 de que a infla\u00e7\u00e3o feche o ano em at\u00e9 9%, mesmo com o mais recente aumento da taxa b\u00e1sica de juros (Selic), para 12,75% ao ano. A conta foi ampliada pela disparada do d\u00f3lar, que, ontem, encerrou os neg\u00f3cios cotado a R$ 3,011, pre\u00e7o que n\u00e3o se via desde agosto de 2004. <\/p>\n<p>A sensa\u00e7\u00e3o de descontrole \u00e9 t\u00e3o grande, que ningu\u00e9m se arrisca a cravar para onde vai o d\u00f3lar. Uns falam em R$ 3,20; outros, em R$ 3,40. Os mais pessimistas chegam a prever at\u00e9 R$ 4, caso o pa\u00eds venha a ser rebaixado pelas ag\u00eancias de classifica\u00e7\u00e3o de risco. H\u00e1, por\u00e9m, quem acredite no recuo das cota\u00e7\u00f5es nas pr\u00f3ximas semanas, prevendo o arrefecimento na crise pol\u00edtica. <\/p>\n<p>Pode at\u00e9 ser que essa parcela mais otimista de analistas esteja certa. Mas o estrago na atividade j\u00e1 est\u00e1 feito. A vis\u00e3o \u00e9 de que o Produto Interno Bruto (PIB) ter\u00e1, neste ano, queda m\u00ednima de 1%. N\u00e3o h\u00e1 nada que o governo possa fazer para reverter o tombo da economia. <\/p>\n<p>A esperan\u00e7a \u00e9 de que a presidente Dilma aprenda a li\u00e7\u00e3o. Foi ela quem jogou o pa\u00eds no atoleiro ao inventar a tal \u201cnova matriz econ\u00f4mica\u201d que o ex-ministro da Fazenda Guido Mantega executou \u00e0 risca. Ele contratou mais infla\u00e7\u00e3o ao adiar os reajustes das tarifas p\u00fablicas e destruiu a credibilidade das contas p\u00fablicas ao sancionar as maluquices de Arno Augustin \u00e0 frente do Tesouro Nacional. <\/p>\n<p>Mantega e Augustin t\u00eam evitado dar declara\u00e7\u00f5es p\u00fablicas. Sabem que n\u00e3o t\u00eam argumentos para justificar todas as besteiras que cometeram. A amigos, por\u00e9m, queixam-se da \u201cnova Dilma\u201d, que acuada, recorreu a Joaquim Levy para mudar, por completo, a rota da pol\u00edtica econ\u00f4mica. <\/p>\n<p>No dia em que Levy classificou como \u201cbrincadeira\u201d e \u201crudimentar\u201d a pol\u00edtica de desonera\u00e7\u00e3o que se tornou o estopim da briga entre Renan e Dilma, Mantega fez chegar ao Planalto o seu descontentamento. Disse que seu sucessor no Minist\u00e9rio da Fazenda havia \u201cpassado dos limites\u201d. <\/p>\n<p>Tanto no mercado quanto no governo, o entendimento \u00e9 de que o nervosismo continuar\u00e1 no ponto m\u00e1ximo at\u00e9 que saia a lista dos denunciados da Opera\u00e7\u00e3o Lava-Jato pelo procurador-geral da Rep\u00fablica, Rodrigo Janot. Ser\u00e1, como definem os analistas, uma esp\u00e9cie de \u00faltimo cap\u00edtulo da novela. <\/p>\n<p>\u201cEst\u00e1 todo mundo em compasso de espera\u201d, diz um banqueiro. \u201cS\u00f3 esperamos que, independentemente das den\u00fancias, n\u00e3o se parta para o tudo o nada. Uma guerra fratricida agora ser\u00e1 cruel. N\u00e3o haver\u00e1 vencedores. Todos perder\u00e3o. O Brasil ser\u00e1 terra arrasada\u201d, conclui. <\/p>\n<p>Fuga de recursos <\/p>\n<p>Donos de grandes fortunas aceleraram as remessas de d\u00f3lares para o exterior nos \u00faltimos dois dias. A justificativa foi a de que ningu\u00e9m quer esperar pelas cenas dos pr\u00f3ximos cap\u00edtulos do embate entre o Congresso e o governo. N\u00e3o houve economia nas retiradas. O principal destino do dinheiro foram os Estados Unidos. <\/p>\n<p>De olho no impeachment <\/p>\n<p>\u00bb O governo est\u00e1 acompanhando com lupa os movimentos nas redes sociais convocando a passeata do pr\u00f3ximo dia 15 pelo impeachment da presidente Dilma. A avalia\u00e7\u00e3o, at\u00e9 agora, \u00e9 de que o tema n\u00e3o pegou. Mas todo cuidado \u00e9 pouco. <\/p>\n<p>Defesa do ajuste <\/p>\n<p>\u00bb S\u00e3o de 99% as chances de Dilma aproveitar o pronunciamento que far\u00e1 sobre o Dia Internacional da Mulher para defender as medidas de ajuste fiscal anunciadas pelo governo e tripudiadas pelo Congresso. <\/p>\n<p>Apetite pelo HSBC <\/p>\n<p>\u00bb Gente grande do mercado financeiro anda percebendo movimentos crescentes do Bradesco e do Ita\u00fa Unibanco para a compra do HSBC no Brasil. O banc\u00e3o estrangeiro j\u00e1 avisou que, caso n\u00e3o consiga melhorar seus resultados em at\u00e9 dois anos, deixar\u00e1 o pa\u00eds. <\/p>\n<p>Brasil pior que os EUA <\/p>\n<p>\u00bb Com a alta do desemprego no Brasil, analistas acreditam que, muito em breve, a taxa brasileira, de 5,3% nas seis principais regi\u00f5es metropolitanas, ultrapassar\u00e1 o \u00edndice observado nos Estados Unidos, de 5,7%. Se a compara\u00e7\u00e3o for feita com a Pnad cont\u00ednua, que pega o pa\u00eds inteiro, a desocupa\u00e7\u00e3o no Brasil j\u00e1 est\u00e1 muito maior que nos EUA: 6,5%. <\/p>\n<p>JBS est\u00e1 mal na foto <\/p>\n<p>\u00bb A JBS passou a monitorar as redes sociais para medir como anda a sua imagem entre os brasileiros. Das mais de 81 mil cita\u00e7\u00f5es no m\u00eas passado, 82% foram negativas, 16% neutras e apenas 2% positivas. A empresa acredita que esse quadro decorre do que chama de \u201clendas urbanas\u201d. Uma delas, que Lulinha, filho do ex-presidente Lula, \u00e9 o dono da companhia. <\/p>\n<p>Bras\u00edlia, 18h25min   <\/p>\n","protected":false},"excerpt":{"rendered":"<p>A crise entre o Congresso e a presidente Dilma Rousseff, que vem colecionando uma s\u00e9rie de derrotas em projetos de interesse do governo, levou muitos bancos a convocarem reuni\u00f5es de emerg\u00eancia para avaliar at\u00e9 que ponto o embate pol\u00edtico pode inviabilizar o ajuste fiscal e empurrar a economia de vez para o buraco. Ainda que [&hellip;]<\/p>\n","protected":false},"author":22,"featured_media":0,"comment_status":"open","ping_status":"open","sticky":false,"template":"","format":"standard","meta":{"wpb_read_more":[],"footnotes":""},"categories":[1],"tags":[],"class_list":["post-59","post","type-post","status-publish","format-standard","hentry","category-sem-categoria"],"_links":{"self":[{"href":"https:\/\/blogs2.correiobraziliense.com.br\/vicente\/wp-json\/wp\/v2\/posts\/59","targetHints":{"allow":["GET"]}}],"collection":[{"href":"https:\/\/blogs2.correiobraziliense.com.br\/vicente\/wp-json\/wp\/v2\/posts"}],"about":[{"href":"https:\/\/blogs2.correiobraziliense.com.br\/vicente\/wp-json\/wp\/v2\/types\/post"}],"author":[{"embeddable":true,"href":"https:\/\/blogs2.correiobraziliense.com.br\/vicente\/wp-json\/wp\/v2\/users\/22"}],"replies":[{"embeddable":true,"href":"https:\/\/blogs2.correiobraziliense.com.br\/vicente\/wp-json\/wp\/v2\/comments?post=59"}],"version-history":[{"count":0,"href":"https:\/\/blogs2.correiobraziliense.com.br\/vicente\/wp-json\/wp\/v2\/posts\/59\/revisions"}],"wp:attachment":[{"href":"https:\/\/blogs2.correiobraziliense.com.br\/vicente\/wp-json\/wp\/v2\/media?parent=59"}],"wp:term":[{"taxonomy":"category","embeddable":true,"href":"https:\/\/blogs2.correiobraziliense.com.br\/vicente\/wp-json\/wp\/v2\/categories?post=59"},{"taxonomy":"post_tag","embeddable":true,"href":"https:\/\/blogs2.correiobraziliense.com.br\/vicente\/wp-json\/wp\/v2\/tags?post=59"}],"curies":[{"name":"wp","href":"https:\/\/api.w.org\/{rel}","templated":true}]}}