{"id":590,"date":"2016-03-11T03:03:47","date_gmt":"2016-03-11T06:03:47","guid":{"rendered":"https:\/\/blogs2.correiobraziliense.com.br\/vicente\/?p=590"},"modified":"2016-03-11T10:04:22","modified_gmt":"2016-03-11T13:04:22","slug":"sem-abrir-mao-do-luxo","status":"publish","type":"post","link":"https:\/\/blogs2.correiobraziliense.com.br\/vicente\/sem-abrir-mao-do-luxo\/","title":{"rendered":"SEM ABRIR M\u00c3O DO LUXO"},"content":{"rendered":"<p>Nelson Barbosa prega ajuste fiscal, mas n\u00e3o economiza no luxo. Para se deslocar at\u00e9 o hotel Pestana, em S\u00e3o Paulo, onde participou do encontro promovido pelo Instituto Lula, n\u00e3o abriu m\u00e3o de uma BMW.<\/p>\n","protected":false},"excerpt":{"rendered":"<p>Nelson Barbosa prega ajuste fiscal, mas n\u00e3o economiza no luxo. Para se deslocar at\u00e9 o hotel Pestana, em S\u00e3o Paulo, onde participou do encontro promovido pelo Instituto Lula, n\u00e3o abriu m\u00e3o de uma BMW.<\/p>\n","protected":false},"author":22,"featured_media":0,"comment_status":"open","ping_status":"closed","sticky":false,"template":"","format":"standard","meta":{"wpb_read_more":[],"footnotes":""},"categories":[1],"tags":[],"class_list":["post-590","post","type-post","status-publish","format-standard","hentry","category-sem-categoria"],"_links":{"self":[{"href":"https:\/\/blogs2.correiobraziliense.com.br\/vicente\/wp-json\/wp\/v2\/posts\/590","targetHints":{"allow":["GET"]}}],"collection":[{"href":"https:\/\/blogs2.correiobraziliense.com.br\/vicente\/wp-json\/wp\/v2\/posts"}],"about":[{"href":"https:\/\/blogs2.correiobraziliense.com.br\/vicente\/wp-json\/wp\/v2\/types\/post"}],"author":[{"embeddable":true,"href":"https:\/\/blogs2.correiobraziliense.com.br\/vicente\/wp-json\/wp\/v2\/users\/22"}],"replies":[{"embeddable":true,"href":"https:\/\/blogs2.correiobraziliense.com.br\/vicente\/wp-json\/wp\/v2\/comments?post=590"}],"version-history":[{"count":1,"href":"https:\/\/blogs2.correiobraziliense.com.br\/vicente\/wp-json\/wp\/v2\/posts\/590\/revisions"}],"predecessor-version":[{"id":591,"href":"https:\/\/blogs2.correiobraziliense.com.br\/vicente\/wp-json\/wp\/v2\/posts\/590\/revisions\/591"}],"wp:attachment":[{"href":"https:\/\/blogs2.correiobraziliense.com.br\/vicente\/wp-json\/wp\/v2\/media?parent=590"}],"wp:term":[{"taxonomy":"category","embeddable":true,"href":"https:\/\/blogs2.correiobraziliense.com.br\/vicente\/wp-json\/wp\/v2\/categories?post=590"},{"taxonomy":"post_tag","embeddable":true,"href":"https:\/\/blogs2.correiobraziliense.com.br\/vicente\/wp-json\/wp\/v2\/tags?post=590"}],"curies":[{"name":"wp","href":"https:\/\/api.w.org\/{rel}","templated":true}]}}