{"id":592,"date":"2016-03-11T01:05:01","date_gmt":"2016-03-11T04:05:01","guid":{"rendered":"https:\/\/blogs2.correiobraziliense.com.br\/vicente\/?p=592"},"modified":"2016-03-11T10:05:50","modified_gmt":"2016-03-11T13:05:50","slug":"ausencia-do-pai-das-pedaladas","status":"publish","type":"post","link":"https:\/\/blogs2.correiobraziliense.com.br\/vicente\/ausencia-do-pai-das-pedaladas\/","title":{"rendered":"AUS\u00caNCIA DO PAI DAS PEDALADAS"},"content":{"rendered":"<p>Arno Augustin, o ex-secret\u00e1rio do Tesouro Nacional que ganhou notoriedade por criar as pedaladas fiscais, n\u00e3o compareceu ontem \u00e0 comemora\u00e7\u00e3o dos 30 anos do \u00f3rg\u00e3o que comandou at\u00e9 o fim de 2014.<\/p>\n<p>&nbsp;<\/p>\n<p><strong>Para evitar constrangimento<\/strong><\/p>\n<p>&nbsp;<\/p>\n<p>Aos organizadores do evento, Arno justificou que n\u00e3o queria causar constrangimentos. Dois ex-secret\u00e1rios j\u00e1 haviam indicado que, caso ele aparecesse na cerim\u00f4nia do Tesouro, se retirariam do local em repres\u00e1lia.<\/p>\n","protected":false},"excerpt":{"rendered":"<p>Arno Augustin, o ex-secret\u00e1rio do Tesouro Nacional que ganhou notoriedade por criar as pedaladas fiscais, n\u00e3o compareceu ontem \u00e0 comemora\u00e7\u00e3o dos 30 anos do \u00f3rg\u00e3o que comandou at\u00e9 o fim de 2014. &nbsp; Para evitar constrangimento &nbsp; Aos organizadores do evento, Arno justificou que n\u00e3o queria causar constrangimentos. Dois ex-secret\u00e1rios j\u00e1 haviam indicado que, caso [&hellip;]<\/p>\n","protected":false},"author":22,"featured_media":0,"comment_status":"open","ping_status":"closed","sticky":false,"template":"","format":"standard","meta":{"wpb_read_more":[],"footnotes":""},"categories":[1],"tags":[],"class_list":["post-592","post","type-post","status-publish","format-standard","hentry","category-sem-categoria"],"_links":{"self":[{"href":"https:\/\/blogs2.correiobraziliense.com.br\/vicente\/wp-json\/wp\/v2\/posts\/592","targetHints":{"allow":["GET"]}}],"collection":[{"href":"https:\/\/blogs2.correiobraziliense.com.br\/vicente\/wp-json\/wp\/v2\/posts"}],"about":[{"href":"https:\/\/blogs2.correiobraziliense.com.br\/vicente\/wp-json\/wp\/v2\/types\/post"}],"author":[{"embeddable":true,"href":"https:\/\/blogs2.correiobraziliense.com.br\/vicente\/wp-json\/wp\/v2\/users\/22"}],"replies":[{"embeddable":true,"href":"https:\/\/blogs2.correiobraziliense.com.br\/vicente\/wp-json\/wp\/v2\/comments?post=592"}],"version-history":[{"count":1,"href":"https:\/\/blogs2.correiobraziliense.com.br\/vicente\/wp-json\/wp\/v2\/posts\/592\/revisions"}],"predecessor-version":[{"id":593,"href":"https:\/\/blogs2.correiobraziliense.com.br\/vicente\/wp-json\/wp\/v2\/posts\/592\/revisions\/593"}],"wp:attachment":[{"href":"https:\/\/blogs2.correiobraziliense.com.br\/vicente\/wp-json\/wp\/v2\/media?parent=592"}],"wp:term":[{"taxonomy":"category","embeddable":true,"href":"https:\/\/blogs2.correiobraziliense.com.br\/vicente\/wp-json\/wp\/v2\/categories?post=592"},{"taxonomy":"post_tag","embeddable":true,"href":"https:\/\/blogs2.correiobraziliense.com.br\/vicente\/wp-json\/wp\/v2\/tags?post=592"}],"curies":[{"name":"wp","href":"https:\/\/api.w.org\/{rel}","templated":true}]}}