{"id":595,"date":"2016-03-12T08:30:58","date_gmt":"2016-03-12T11:30:58","guid":{"rendered":"https:\/\/blogs2.correiobraziliense.com.br\/vicente\/?p=595"},"modified":"2016-03-12T20:37:23","modified_gmt":"2016-03-12T23:37:23","slug":"beleza-da-democracia","status":"publish","type":"post","link":"https:\/\/blogs2.correiobraziliense.com.br\/vicente\/beleza-da-democracia\/","title":{"rendered":"A BELEZA DA DEMOCRACIA"},"content":{"rendered":"<p>O Brasil sair\u00e1, neste domingo, \u00e0s ruas para protestar, movimento extremamente leg\u00edtimo numa democracia. O fato de se ter posi\u00e7\u00f5es diferentes n\u00e3o significa que o outro lado deve ser visto como inimigo. Em vez do confronto, \u00e9 preciso celebrar a oportunidade de se expressar livremente o que se pensa. Brigas s\u00f3 enfraquecem as posi\u00e7\u00f5es. As ruas devem servir para explicitar \u00e0s classes pol\u00edticas as nossas insatisfa\u00e7\u00f5es e alertar que ningu\u00e9m se contenta mais com discursos vazios e propagandas enganosas. As conquistas dos \u00faltimos anos permitiram ao pa\u00eds um amadurecimento pol\u00edtico louv\u00e1vel.<\/p>\n<p>&nbsp;<\/p>\n<p>Todos reconhecem que o momento pelo qual passamos \u00e9 assustador. Do ponto de vista econ\u00f4mico, vivemos a maior recess\u00e3o em quase 90 anos. Desde 1930 e 1931, quando o mundo estava mergulhado na depress\u00e3o, n\u00e3o v\u00edamos dois anos seguidos de queda do Produto Interno Bruto (PIB). Entre 2015 e 2016, a contra\u00e7\u00e3o acumulada da atividade ser\u00e1 superior a 8%. Com isso, o emprego evaporou. Somente no ano passado, foram fechadas mais de 1,5 milh\u00e3o de vagas com carteira assinada. Neste ano, pelo menos 2 milh\u00f5es de pessoas devem ficar sem trabalho.<\/p>\n<p>&nbsp;<\/p>\n<p>O economista Maur\u00edcio Molan, do Banco Santander, v\u00ea o desemprego em escalada. Ele ressalta que, na pr\u00f3xima ter\u00e7a-feira, o Instituto Brasileiro de Geografia e Estat\u00edstica (IBGE) divulgar\u00e1 o resultado da Pnad Cont\u00ednua do \u00faltimo trimestre de 2015. A taxa de desocupa\u00e7\u00e3o, nas contas dele, deve bater em 8,9% ante os 6,5% observados no mesmo per\u00edodo do ano anterior. At\u00e9 o fim de 2016, o \u00edndice poder\u00e1 saltar para 12,8%. Cada ponto percentual de aumento na Pnad significa cerca de 1 milh\u00e3o a mais de desempregados por todo o pa\u00eds.<\/p>\n<p>&nbsp;<\/p>\n<p>A destrui\u00e7\u00e3o em massa do emprego, certamente, tende a agu\u00e7ar as cobran\u00e7as dos brasileiros que forem \u00e0s ruas neste domingo, assim com a infla\u00e7\u00e3o alta. Os \u00edndices acima de 10% ao ano destru\u00edram o poder de compra das fam\u00edlias. Muitas est\u00e3o sendo obrigadas a abrir m\u00e3o de conquistas importantes, como planos de sa\u00fade, escola particular e viagens. Nos casos mais extremos, produtos b\u00e1sicos est\u00e3o sendo retirados do carrinho do supermercado. As proje\u00e7\u00f5es apontam que, em 2015, quase 4 milh\u00f5es de pessoas que haviam ascendido socialmente voltaram para a pobreza. Por isso, a insatisfa\u00e7\u00e3o \u00e9 generalizada.<\/p>\n<p>&nbsp;<\/p>\n<p><strong>Impeachment<\/strong><\/p>\n<p>&nbsp;<\/p>\n<p>Nas manifesta\u00e7\u00f5es de junho de 2013, os pol\u00edticos foram atropelados pelas cobran\u00e7as por servi\u00e7os p\u00fablicos melhores e pela defesa do impeachment da presidente Dilma Rousseff. A maioria deles n\u00e3o estava preparada para a for\u00e7a demonstrada pelas ruas. Neste domingo, veremos se as manifesta\u00e7\u00f5es se manter\u00e3o \u00e0 frente ou se ser\u00e1 a vez de os pol\u00edticos atropelarem as ruas. H\u00e1 um claro movimento no Congresso para que o processo de impedimento de Dilma seja levado adiante. Mas ainda n\u00e3o se percebe, por parte da opini\u00e3o p\u00fablica, um consenso em torno do assunto.<\/p>\n<p>&nbsp;<\/p>\n<p>Isso s\u00f3 refor\u00e7a a necessidade de cautela. N\u00e3o se pode discutir a deposi\u00e7\u00e3o de um governo sem que a sociedade tenha uma posi\u00e7\u00e3o firme sobre o tema. As crises \u00e9tica, pol\u00edtica e econ\u00f4mica s\u00e3o gigantes. Mas elas s\u00f3 ser\u00e3o resolvidas de forma democr\u00e1tica. Um pa\u00eds que deu tantas demonstra\u00e7\u00f5es de maturidade nos \u00faltimos tempos tem instrumentos de sobra para escolher seu destino. As for\u00e7as pol\u00edticas representam o povo, n\u00e3o interesses pessoais movidos a vingan\u00e7as mesquinhas. Caber\u00e1 ao governo respeitar o que deseja a maioria.<\/p>\n<p>&nbsp;<\/p>\n<p>Dilma foi eleita democraticamente. Como ela bem ressalta, seu mandato representa a decis\u00e3o da maioria da popula\u00e7\u00e3o. Ela sabe que cometeu muitos erros, que levaram o Brasil para a beira do precip\u00edcio. Ter\u00e1, portanto, que arcar com as consequ\u00eancias. Nada do que for decidido pela maioria poder\u00e1 ser visto como golpe. Da mesma forma que o grosso do eleitorado a colocou no Pal\u00e1cio do Planalto por duas vezes poder\u00e1 tir\u00e1-la. \u00c9 do jogo democr\u00e1tico. Que as ruas possam guiar o pa\u00eds pela trilha do reequil\u00edbrio.<\/p>\n<p>&nbsp;<\/p>\n<p><em>Bras\u00edlia, 08h30min<\/em><\/p>\n","protected":false},"excerpt":{"rendered":"<p>O Brasil sair\u00e1, neste domingo, \u00e0s ruas para protestar, movimento extremamente leg\u00edtimo numa democracia. O fato de se ter posi\u00e7\u00f5es diferentes n\u00e3o significa que o outro lado deve ser visto como inimigo. Em vez do confronto, \u00e9 preciso celebrar a oportunidade de se expressar livremente o que se pensa. Brigas s\u00f3 enfraquecem as posi\u00e7\u00f5es. As [&hellip;]<\/p>\n","protected":false},"author":22,"featured_media":0,"comment_status":"open","ping_status":"closed","sticky":false,"template":"","format":"standard","meta":{"wpb_read_more":[],"footnotes":""},"categories":[1],"tags":[],"class_list":["post-595","post","type-post","status-publish","format-standard","hentry","category-sem-categoria"],"_links":{"self":[{"href":"https:\/\/blogs2.correiobraziliense.com.br\/vicente\/wp-json\/wp\/v2\/posts\/595","targetHints":{"allow":["GET"]}}],"collection":[{"href":"https:\/\/blogs2.correiobraziliense.com.br\/vicente\/wp-json\/wp\/v2\/posts"}],"about":[{"href":"https:\/\/blogs2.correiobraziliense.com.br\/vicente\/wp-json\/wp\/v2\/types\/post"}],"author":[{"embeddable":true,"href":"https:\/\/blogs2.correiobraziliense.com.br\/vicente\/wp-json\/wp\/v2\/users\/22"}],"replies":[{"embeddable":true,"href":"https:\/\/blogs2.correiobraziliense.com.br\/vicente\/wp-json\/wp\/v2\/comments?post=595"}],"version-history":[{"count":1,"href":"https:\/\/blogs2.correiobraziliense.com.br\/vicente\/wp-json\/wp\/v2\/posts\/595\/revisions"}],"predecessor-version":[{"id":596,"href":"https:\/\/blogs2.correiobraziliense.com.br\/vicente\/wp-json\/wp\/v2\/posts\/595\/revisions\/596"}],"wp:attachment":[{"href":"https:\/\/blogs2.correiobraziliense.com.br\/vicente\/wp-json\/wp\/v2\/media?parent=595"}],"wp:term":[{"taxonomy":"category","embeddable":true,"href":"https:\/\/blogs2.correiobraziliense.com.br\/vicente\/wp-json\/wp\/v2\/categories?post=595"},{"taxonomy":"post_tag","embeddable":true,"href":"https:\/\/blogs2.correiobraziliense.com.br\/vicente\/wp-json\/wp\/v2\/tags?post=595"}],"curies":[{"name":"wp","href":"https:\/\/api.w.org\/{rel}","templated":true}]}}