{"id":597,"date":"2016-03-12T03:38:53","date_gmt":"2016-03-12T06:38:53","guid":{"rendered":"https:\/\/blogs2.correiobraziliense.com.br\/vicente\/?p=597"},"modified":"2016-03-12T20:42:13","modified_gmt":"2016-03-12T23:42:13","slug":"reestruturacao-da-caixa-envolve-11-mil-empregados","status":"publish","type":"post","link":"https:\/\/blogs2.correiobraziliense.com.br\/vicente\/reestruturacao-da-caixa-envolve-11-mil-empregados\/","title":{"rendered":"REESTRUTURA\u00c7\u00c3O DA CAIXA ENVOLVE 11 MIL EMPREGADOS"},"content":{"rendered":"<p>O processo de reestrutura\u00e7\u00e3o da Caixa Econ\u00f4mica Federal, que come\u00e7ar\u00e1 na pr\u00f3xima segunda-feira, ser\u00e1 o maior da hist\u00f3ria da institui\u00e7\u00e3o. Envolver\u00e1 pelo menos 11 mil empregados.<\/p>\n<p>&nbsp;<\/p>\n<p><strong>Comando com poder maior<\/strong><\/p>\n<p>&nbsp;<\/p>\n<p>Os cargos de gerente executivo da Caixa ser\u00e3o os mais afetados pelas mudan\u00e7as. Devem desaparecer por completo, ampliando o poder do comando da institui\u00e7\u00e3o. N\u00e3o por acaso, a matriz passa a ter fun\u00e7\u00e3o estrat\u00e9gica no novo modelo de gest\u00e3o.<\/p>\n<p>&nbsp;<\/p>\n<p><strong>Centralizadoras nacionais<\/strong><\/p>\n<p>&nbsp;<\/p>\n<p>A reestrutura\u00e7\u00e3o prev\u00ea a cria\u00e7\u00e3o de centralizadoras nacionais, que tratar\u00e3o de temas espec\u00edficos, com a miss\u00e3o de resolver todos os problemas oriundos das ag\u00eancias. A centralizadora de habita\u00e7\u00e3o ser\u00e1 uma das mais relevantes.<\/p>\n<p>&nbsp;<\/p>\n<p><strong>Medo da aposentadoria<\/strong><\/p>\n<p>&nbsp;<\/p>\n<p>Pelo menos 2 mil pessoas podem se aposentar hoje na Caixa, mas temem aderir ao programa de incentivos por causa da fr\u00e1gil sa\u00fade do fundo de pens\u00e3o dos empregados, a Funcef. Alegam que podem ficar sem o complemento das aposentadorias.<\/p>\n<p>&nbsp;<\/p>\n<p><strong>Caixa nega demiss\u00f5es<\/strong><\/p>\n<p>&nbsp;<\/p>\n<p>A Caixa garante que o processo de reestrutura\u00e7\u00e3o n\u00e3o envolve demiss\u00f5es. \u201cTrata-se de uma mudan\u00e7a no modelo de gest\u00e3o, para tornar a matriz mais estrat\u00e9gica, refor\u00e7ar as \u00e1reas de apoio operacional e dar melhores condi\u00e7\u00f5es para que as ag\u00eancias realizem neg\u00f3cios e aprimorem o atendimento aos clientes\u201d, assegura o banco.<\/p>\n<p>&nbsp;<\/p>\n<p><em>Bras\u00edlia, 03h41min<\/em><\/p>\n","protected":false},"excerpt":{"rendered":"<p>O processo de reestrutura\u00e7\u00e3o da Caixa Econ\u00f4mica Federal, que come\u00e7ar\u00e1 na pr\u00f3xima segunda-feira, ser\u00e1 o maior da hist\u00f3ria da institui\u00e7\u00e3o. Envolver\u00e1 pelo menos 11 mil empregados. &nbsp; Comando com poder maior &nbsp; Os cargos de gerente executivo da Caixa ser\u00e3o os mais afetados pelas mudan\u00e7as. Devem desaparecer por completo, ampliando o poder do comando da [&hellip;]<\/p>\n","protected":false},"author":22,"featured_media":0,"comment_status":"open","ping_status":"closed","sticky":false,"template":"","format":"standard","meta":{"wpb_read_more":[],"footnotes":""},"categories":[1],"tags":[],"class_list":["post-597","post","type-post","status-publish","format-standard","hentry","category-sem-categoria"],"_links":{"self":[{"href":"https:\/\/blogs2.correiobraziliense.com.br\/vicente\/wp-json\/wp\/v2\/posts\/597","targetHints":{"allow":["GET"]}}],"collection":[{"href":"https:\/\/blogs2.correiobraziliense.com.br\/vicente\/wp-json\/wp\/v2\/posts"}],"about":[{"href":"https:\/\/blogs2.correiobraziliense.com.br\/vicente\/wp-json\/wp\/v2\/types\/post"}],"author":[{"embeddable":true,"href":"https:\/\/blogs2.correiobraziliense.com.br\/vicente\/wp-json\/wp\/v2\/users\/22"}],"replies":[{"embeddable":true,"href":"https:\/\/blogs2.correiobraziliense.com.br\/vicente\/wp-json\/wp\/v2\/comments?post=597"}],"version-history":[{"count":1,"href":"https:\/\/blogs2.correiobraziliense.com.br\/vicente\/wp-json\/wp\/v2\/posts\/597\/revisions"}],"predecessor-version":[{"id":598,"href":"https:\/\/blogs2.correiobraziliense.com.br\/vicente\/wp-json\/wp\/v2\/posts\/597\/revisions\/598"}],"wp:attachment":[{"href":"https:\/\/blogs2.correiobraziliense.com.br\/vicente\/wp-json\/wp\/v2\/media?parent=597"}],"wp:term":[{"taxonomy":"category","embeddable":true,"href":"https:\/\/blogs2.correiobraziliense.com.br\/vicente\/wp-json\/wp\/v2\/categories?post=597"},{"taxonomy":"post_tag","embeddable":true,"href":"https:\/\/blogs2.correiobraziliense.com.br\/vicente\/wp-json\/wp\/v2\/tags?post=597"}],"curies":[{"name":"wp","href":"https:\/\/api.w.org\/{rel}","templated":true}]}}