{"id":599,"date":"2016-03-15T08:30:35","date_gmt":"2016-03-15T11:30:35","guid":{"rendered":"https:\/\/blogs2.correiobraziliense.com.br\/vicente\/?p=599"},"modified":"2016-03-15T09:28:39","modified_gmt":"2016-03-15T12:28:39","slug":"o-pecado-de-dilma","status":"publish","type":"post","link":"https:\/\/blogs2.correiobraziliense.com.br\/vicente\/o-pecado-de-dilma\/","title":{"rendered":"O PECADO DE DILMA"},"content":{"rendered":"<p>A contagem regressiva come\u00e7ou. Dentro e fora do governo j\u00e1 se admite que a presidente Dilma Rousseff ser\u00e1 afastada do poder nos pr\u00f3ximos meses. Ainda que nada de concreto sobre a corrup\u00e7\u00e3o da Petrobras tenha atingindo a petista, a press\u00e3o para que ela sofra o impeachment tornou-se incontrol\u00e1vel. Com o grito ecoado das ruas no \u00faltimo domingo, ser\u00e1 dif\u00edcil reverter a disposi\u00e7\u00e3o do Congresso em interromper o mandato presidencial.<\/p>\n<p>&nbsp;<\/p>\n<p>A perspectiva entre integrantes da equipe econ\u00f4mica \u00e9 de que, agora, o movimento pelo fim do governo ser\u00e1 liderado pelos empres\u00e1rios, que est\u00e3o vendo parte importante dos neg\u00f3cios ruir. Como muitos t\u00eam fortes liga\u00e7\u00f5es com pol\u00edticos, v\u00e3o cobrar uma decis\u00e3o r\u00e1pida, que possa resgatar a confian\u00e7a no pa\u00eds. Entre os donos do dinheiro, ningu\u00e9m acredita na capacidade de Dilma de liderar um processo que retire o pa\u00eds da grav\u00edssima recess\u00e3o.<\/p>\n<p>&nbsp;<\/p>\n<p>Os relatos sobre empresas que v\u00eam chegando ao Minist\u00e9rio da Fazenda e ao Banco Central s\u00e3o alarmantes. Se a paralisia da atividade perdurar por mais tr\u00eas ou quatro meses, uma leva de grandes empresas ir\u00e1 \u00e0 bancarrota. A lista \u00e9 enorme e diversificada. A quebradeira s\u00f3 n\u00e3o se tornou realidade ainda porque h\u00e1 uma a\u00e7\u00e3o coordenada entre os bancos para renegociar e alongar as d\u00edvidas at\u00e9 a tempestade passar. O problema \u00e9 que o quadro de incertezas s\u00f3 se agrava.<\/p>\n<p>&nbsp;<\/p>\n<p>Em conversa recente com t\u00e9cnicos da equipe econ\u00f4mica, executivos de um dos maiores bancos do pa\u00eds disseram que, h\u00e1 meses, n\u00e3o realizam novas opera\u00e7\u00f5es de empr\u00e9stimo a grande empresas. Os neg\u00f3cios atuais se restringem a rolar d\u00e9bitos por total incapacidade de pagamento. Essas rolagens est\u00e3o, por\u00e9m, se esgotando, pois a gera\u00e7\u00e3o de caixa das companhias \u00e9 cada vez menor. N\u00e3o h\u00e1 produ\u00e7\u00e3o, e as vendas despencam. O grito de socorro j\u00e1 est\u00e1 na ponta da l\u00edngua.<\/p>\n<p>&nbsp;<\/p>\n<p><strong>Complac\u00eancia<\/strong><\/p>\n<p>&nbsp;<\/p>\n<p>Os empres\u00e1rios reconhecem que a pecha de corrupta ainda n\u00e3o colou em Dilma, mas acreditam que ela pagar\u00e1 o pre\u00e7o de o partido dela, o PT, ter comandado o maior esquema de desvio de dinheiro p\u00fablico da hist\u00f3ria. N\u00e3o h\u00e1 como dissoci\u00e1-los. O maior pecado de Dilma, pelo menos at\u00e9 agora, foi ter destru\u00eddo os pilares da estabilidade econ\u00f4mica. Ela simplesmente trouxe de volta a infla\u00e7\u00e3o, a recess\u00e3o e o desemprego, destruindo a sensa\u00e7\u00e3o de bem-estar que, por anos, sustentou a complac\u00eancia da popula\u00e7\u00e3o com os desmandos no pa\u00eds.<\/p>\n<p>&nbsp;<\/p>\n<p>Nada indica, por\u00e9m, que a sa\u00edda de Dilma v\u00e1 resgatar o Brasil do atoleiro. As op\u00e7\u00f5es que se colocam s\u00e3o terr\u00edveis. O vice-presidente Michel Temer est\u00e1 citado em v\u00e1rias depoimentos colhidos pela Justi\u00e7a dentro da Lava-Jato. Tanto o presidente do Senado, Renan Calheiros, quanto o presidente da C\u00e2mara, Eduardo Cunha, que aparecem na linha de sucess\u00e3o, podem ser denunciados e presos. A popula\u00e7\u00e3o j\u00e1 demonstrou que n\u00e3o comprou o discurso vazio do PSDB de A\u00e9cio Neves, que foi obrigado a se retirar das manifesta\u00e7\u00f5es em S\u00e3o Paulo debaixo de vaias.<\/p>\n<p>&nbsp;<\/p>\n<p>Diferentemente de 1992, quando Fernando Collor de Mello foi defenestrado do poder por corrup\u00e7\u00e3o, hoje n\u00e3o h\u00e1 uma base pol\u00edtica forte para dar suporte a quem vier a assumir o lugar de Dilma, caso ela deixe o governo. Nenhum dos postulantes tem a imagem de honestidade de Itamar Franco, que avalizou o Plano Real. N\u00e3o por acaso, as ruas demonstram tanta avers\u00e3o aos pol\u00edticos, independentemente da ideologia. Para o eleitorado, o sistema pol\u00edtico se tornou sin\u00f4nimo de corrup\u00e7\u00e3o, uma vis\u00e3o perigos\u00edssima, que abre espa\u00e7o para aventuras e o fortalecimento da extrema direita.<\/p>\n<p>&nbsp;<\/p>\n<p><strong>Abra\u00e7o dos afogados<\/strong><\/p>\n<p>&nbsp;<\/p>\n<p>Sem solu\u00e7\u00e3o simples \u00e0 vista, o destino do Brasil ser\u00e1 derreter, caminhando para o mais dram\u00e1tico dos cen\u00e1rios: a depress\u00e3o econ\u00f4mica. O Banco Central mostrou que, em janeiro, quando se esperava os primeiros sinais positivos da economia, o pa\u00eds encolheu 8,12% em rela\u00e7\u00e3o ao mesmo per\u00edodo do ano passado. Esse tombo, medido pelo \u00cdndice de Atividade Econ\u00f4mica (IBC-Br), desconsidera os fatores at\u00edpicos do per\u00edodo. Por isso, j\u00e1 se fala em retra\u00e7\u00e3o entre 6% e 7% do Produto Interno Bruto (PIB) em 2016 se a crise pol\u00edtica se estender.<\/p>\n<p>&nbsp;<\/p>\n<p>H\u00e1, no governo, quem acredite que Dilma pode recuperar o f\u00f4lego se o ex-presidente Lula assumir um minist\u00e9rio com a miss\u00e3o de mudar a pol\u00edtica econ\u00f4mica. Ele acredita que, se o governo voltar a gastar, a distribuir dinheiro para os mais pobres e para o empresariado, conseguir\u00e1 reverter o \u00e2nimos e enterrar o processo de impeachment. Lula, caso aceite o convite de Dilma, trar\u00e1 de volta o populismo que prevaleceu nos quatro primeiros anos de mandato da atual chefe do Executivo e que quebrou o pa\u00eds.<\/p>\n<p>&nbsp;<\/p>\n<p>Ao partir para a gastan\u00e7a, Lula poder\u00e1 agradar \u00e0s bases sindicais, que pedem mais deficit p\u00fablico, e reunir os poucos mais de 170 votos no Congresso para garantir a sobrevida de Dilma. Mas, em vez de recuperar o pa\u00eds, o empurrar\u00e1 de vez do precip\u00edcio. O petista \u00e9 investigado pela Lava-Jato, tem um mandado de pris\u00e3o sendo analisado, n\u00e3o inspira mais confian\u00e7a entre os agentes econ\u00f4micos e \u00e9 rejeitado por parte significativa dos eleitores. No atual contexto, O risco \u00e9 de Dilma e Lula afundarem abra\u00e7ados e levarem o Brasil para o estado de anarquia no qual ningu\u00e9m consegue governar.<\/p>\n<p>&nbsp;<\/p>\n<p><em>Bras\u00edlia, 08h30min<\/em><\/p>\n","protected":false},"excerpt":{"rendered":"<p>A contagem regressiva come\u00e7ou. Dentro e fora do governo j\u00e1 se admite que a presidente Dilma Rousseff ser\u00e1 afastada do poder nos pr\u00f3ximos meses. Ainda que nada de concreto sobre a corrup\u00e7\u00e3o da Petrobras tenha atingindo a petista, a press\u00e3o para que ela sofra o impeachment tornou-se incontrol\u00e1vel. Com o grito ecoado das ruas no [&hellip;]<\/p>\n","protected":false},"author":22,"featured_media":0,"comment_status":"open","ping_status":"closed","sticky":false,"template":"","format":"standard","meta":{"wpb_read_more":[],"footnotes":""},"categories":[1],"tags":[],"class_list":["post-599","post","type-post","status-publish","format-standard","hentry","category-sem-categoria"],"_links":{"self":[{"href":"https:\/\/blogs2.correiobraziliense.com.br\/vicente\/wp-json\/wp\/v2\/posts\/599","targetHints":{"allow":["GET"]}}],"collection":[{"href":"https:\/\/blogs2.correiobraziliense.com.br\/vicente\/wp-json\/wp\/v2\/posts"}],"about":[{"href":"https:\/\/blogs2.correiobraziliense.com.br\/vicente\/wp-json\/wp\/v2\/types\/post"}],"author":[{"embeddable":true,"href":"https:\/\/blogs2.correiobraziliense.com.br\/vicente\/wp-json\/wp\/v2\/users\/22"}],"replies":[{"embeddable":true,"href":"https:\/\/blogs2.correiobraziliense.com.br\/vicente\/wp-json\/wp\/v2\/comments?post=599"}],"version-history":[{"count":1,"href":"https:\/\/blogs2.correiobraziliense.com.br\/vicente\/wp-json\/wp\/v2\/posts\/599\/revisions"}],"predecessor-version":[{"id":600,"href":"https:\/\/blogs2.correiobraziliense.com.br\/vicente\/wp-json\/wp\/v2\/posts\/599\/revisions\/600"}],"wp:attachment":[{"href":"https:\/\/blogs2.correiobraziliense.com.br\/vicente\/wp-json\/wp\/v2\/media?parent=599"}],"wp:term":[{"taxonomy":"category","embeddable":true,"href":"https:\/\/blogs2.correiobraziliense.com.br\/vicente\/wp-json\/wp\/v2\/categories?post=599"},{"taxonomy":"post_tag","embeddable":true,"href":"https:\/\/blogs2.correiobraziliense.com.br\/vicente\/wp-json\/wp\/v2\/tags?post=599"}],"curies":[{"name":"wp","href":"https:\/\/api.w.org\/{rel}","templated":true}]}}