{"id":609,"date":"2016-03-16T03:24:32","date_gmt":"2016-03-16T06:24:32","guid":{"rendered":"https:\/\/blogs2.correiobraziliense.com.br\/vicente\/?p=609"},"modified":"2016-03-16T09:25:20","modified_gmt":"2016-03-16T12:25:20","slug":"retrato-da-ineficiencia","status":"publish","type":"post","link":"https:\/\/blogs2.correiobraziliense.com.br\/vicente\/retrato-da-ineficiencia\/","title":{"rendered":"RETRATO DA INEFICI\u00caNCIA"},"content":{"rendered":"<p>\u00bb A m\u00e1 qualidade da infraestrutura na Am\u00e9rica do Sul impacta negativamente a rela\u00e7\u00e3o comercial do Brasil com os pa\u00edses vizinhos. A Confedera\u00e7\u00e3o Nacional da Ind\u00fastria (CNI) estima que, a cada ano, deixa-se de exportar cerca de US$ 1,5 bilh\u00e3o em produtos manufaturados para a regi\u00e3o.<\/p>\n<p>&nbsp;<\/p>\n<p><strong>Governo faz vista grossa<\/strong><\/p>\n<p>&nbsp;<\/p>\n<p>\u00bb Apenas na rela\u00e7\u00e3o com a Argentina, maior parceiro comercial da regi\u00e3o, o Brasil perde US$ 1 bilh\u00e3o com exporta\u00e7\u00f5es de produtos manufaturados, como ve\u00edculos, alimentos, m\u00e1quinas e equipamentos, em raz\u00e3o das defici\u00eancias na malha de transportes. O governo, esfacelado, faz vista grossa.<\/p>\n","protected":false},"excerpt":{"rendered":"<p>\u00bb A m\u00e1 qualidade da infraestrutura na Am\u00e9rica do Sul impacta negativamente a rela\u00e7\u00e3o comercial do Brasil com os pa\u00edses vizinhos. A Confedera\u00e7\u00e3o Nacional da Ind\u00fastria (CNI) estima que, a cada ano, deixa-se de exportar cerca de US$ 1,5 bilh\u00e3o em produtos manufaturados para a regi\u00e3o. &nbsp; Governo faz vista grossa &nbsp; \u00bb Apenas na [&hellip;]<\/p>\n","protected":false},"author":22,"featured_media":0,"comment_status":"open","ping_status":"closed","sticky":false,"template":"","format":"standard","meta":{"wpb_read_more":[],"footnotes":""},"categories":[1],"tags":[],"class_list":["post-609","post","type-post","status-publish","format-standard","hentry","category-sem-categoria"],"_links":{"self":[{"href":"https:\/\/blogs2.correiobraziliense.com.br\/vicente\/wp-json\/wp\/v2\/posts\/609","targetHints":{"allow":["GET"]}}],"collection":[{"href":"https:\/\/blogs2.correiobraziliense.com.br\/vicente\/wp-json\/wp\/v2\/posts"}],"about":[{"href":"https:\/\/blogs2.correiobraziliense.com.br\/vicente\/wp-json\/wp\/v2\/types\/post"}],"author":[{"embeddable":true,"href":"https:\/\/blogs2.correiobraziliense.com.br\/vicente\/wp-json\/wp\/v2\/users\/22"}],"replies":[{"embeddable":true,"href":"https:\/\/blogs2.correiobraziliense.com.br\/vicente\/wp-json\/wp\/v2\/comments?post=609"}],"version-history":[{"count":1,"href":"https:\/\/blogs2.correiobraziliense.com.br\/vicente\/wp-json\/wp\/v2\/posts\/609\/revisions"}],"predecessor-version":[{"id":610,"href":"https:\/\/blogs2.correiobraziliense.com.br\/vicente\/wp-json\/wp\/v2\/posts\/609\/revisions\/610"}],"wp:attachment":[{"href":"https:\/\/blogs2.correiobraziliense.com.br\/vicente\/wp-json\/wp\/v2\/media?parent=609"}],"wp:term":[{"taxonomy":"category","embeddable":true,"href":"https:\/\/blogs2.correiobraziliense.com.br\/vicente\/wp-json\/wp\/v2\/categories?post=609"},{"taxonomy":"post_tag","embeddable":true,"href":"https:\/\/blogs2.correiobraziliense.com.br\/vicente\/wp-json\/wp\/v2\/tags?post=609"}],"curies":[{"name":"wp","href":"https:\/\/api.w.org\/{rel}","templated":true}]}}