{"id":612,"date":"2016-03-17T00:06:14","date_gmt":"2016-03-17T03:06:14","guid":{"rendered":"https:\/\/blogs2.correiobraziliense.com.br\/vicente\/?p=612"},"modified":"2016-03-17T00:06:14","modified_gmt":"2016-03-17T03:06:14","slug":"o-sopro-da-morte","status":"publish","type":"post","link":"https:\/\/blogs2.correiobraziliense.com.br\/vicente\/o-sopro-da-morte\/","title":{"rendered":"O SOPRO DA MORTE"},"content":{"rendered":"<p>A presidente Dilma Rousseff acreditava que ganharia f\u00f4lego com a nomea\u00e7\u00e3o do ex-presidente Lula como ministro da Casa Civil, mas praticamente assinou a sua senten\u00e7a de morte. Ao afrontar o pa\u00eds, dando foro privilegiado para o petista tr\u00eas dias depois de uma multid\u00e3o ter sa\u00eddo \u00e0s ruas pedindo o seu impeachment, a chefe do Executivo rasgou todos os compromissos com a opini\u00e3o p\u00fablica. Pior: descobriu-se que a presidente tentou obstruir a Justi\u00e7a para proteger seu criador, como revelou grava\u00e7\u00e3o feita no \u00e2mbito da Opera\u00e7\u00e3o Lava-Jato.<\/p>\n<p>&nbsp;<\/p>\n<p>Toda sorridente, como se estivesse em uma festa e n\u00e3o no centro da maior crise pol\u00edtica e econ\u00f4mica que o pa\u00eds j\u00e1 viveu, Dilma convocou uma entrevista para negar que a nomea\u00e7\u00e3o de Lula tivesse como objetivo tir\u00e1-lo das m\u00e3os do juiz S\u00e9rgio Moro e deix\u00e1-lo sob responsabilidade do Supremo Tribunal Federal (STF). Foram necess\u00e1rias, contudo, poucas horas para se constatar que tudo era uma farsa. Dilma havia encaminhado o termo de posse de Lula antes de a nomea\u00e7\u00e3o ser oficializada. Caso ele fosse pego pela pol\u00edcia federal, apresentaria o documento alegando que estava sob a al\u00e7ada do Supremo.<\/p>\n<p>&nbsp;<\/p>\n<p>Ao longo do dia de ontem, muita gente no entorno da presidente garantia que Dilma tinha dado uma cartada de mestre ao entregar o governo a Lula. E sustentavam esse pensamento citando como exemplo o comportamento do mercado financeiro. Depois de um estresse inicial, o d\u00f3lar caiu e a bolsa de valores subiu. \u201cOs investidores nos deram um voto de confian\u00e7a\u201d, frisou um dos mais importantes assessores da petista. \u201cEntenderam que, com Lula no governo, n\u00e3o haver\u00e1 loucuras, muito pelo contr\u00e1rio, ser\u00e1 feito um esfor\u00e7o enorme para recobrar a confian\u00e7a\u201d, emendou.<\/p>\n<p>&nbsp;<\/p>\n<p>Logo depois da divulga\u00e7\u00e3o das grava\u00e7\u00f5es da conversa entre Dilma e Lula, no qual os dois fechavam o acerto para proteger o l\u00edder petista de uma poss\u00edvel a\u00e7\u00e3o policial, a euforia no Planalto se transformou em nervosismo. A ficha caiu. Ficou claro o quanto o governo est\u00e1 fr\u00e1gil. A certeza passou a ser n\u00e3o mais a de recupera\u00e7\u00e3o do governo, mas a de que a administra\u00e7\u00e3o de Dilma est\u00e1 muito pr\u00f3xima do fim. N\u00e3o h\u00e1 salva\u00e7\u00e3o.<\/p>\n<p>&nbsp;<\/p>\n<p><strong>A verdade de Delc\u00eddio<\/strong><\/p>\n<p>&nbsp;<\/p>\n<p>A a\u00e7\u00e3o da presidente da Rep\u00fablica para proteger Lula s\u00f3 refor\u00e7a a dela\u00e7\u00e3o de Delc\u00eddio do Amaral. Ele revelou que Dilma tentou, por meio do ministro da Educa\u00e7\u00e3o, Aloizio Mercadante, convenc\u00ea-lo a n\u00e3o contar o que sabia. Mercadante alegou que partiu dele a decis\u00e3o de procurar Delc\u00eddio e oferecer dinheiro para que ele protegesse a presidente e o agora ministro da Casa Civil. O senador reafirmou o que disse.<\/p>\n<p>&nbsp;<\/p>\n<p>Quem conhece o hist\u00f3rico de Dilma sabe que ela n\u00e3o \u00e9 muito afeita \u00e0 verdade. E a compuls\u00e3o \u00e0 mentira atingiu o \u00e1pice durante a campanha \u00e0 reelei\u00e7\u00e3o de 2014. A petista dizia que a infla\u00e7\u00e3o estava sob controle, mas o \u00cdndice de Pre\u00e7os ao Consumidor Amplo (IPCA) s\u00f3 apontava para cima, a ponto de fechar o ano passado em 10,67%, o n\u00edvel mais elevado em quase uma d\u00e9cada e meia. A presidente garantia que as contas p\u00fablicas estavam em ordem, mas o pa\u00eds registrar\u00e1, em 2016, o terceiro ano consecutivo de deficit.<\/p>\n<p>&nbsp;<\/p>\n<p>Dilma ressaltava, ainda, por meio de um roteiro tra\u00e7ado por seu marqueteiro, Jo\u00e3o Santana, que est\u00e1 preso, que o Brasil estava crescendo e criando empregos. O Produto Interno Bruto (PIB), no entanto, caiu 3,8% em 2015 e recuar\u00e1 mais de 4% neste ano. Foi destru\u00eddo 1,5 milh\u00e3o de vagas com carteira assinada no ano passado e outros 2 milh\u00f5es devem ser fechados em 2016. Na verdade, ressaltam os especialistas, enquanto a petista iludia os eleitores, estava empurrando o pa\u00eds para a mais profunda recess\u00e3o da hist\u00f3ria.<\/p>\n<p>&nbsp;<\/p>\n<p>O trauma foi tamanho, que a popula\u00e7\u00e3o n\u00e3o esconde mais a insatisfa\u00e7\u00e3o em rela\u00e7\u00e3o ao governo. J\u00e1 n\u00e3o se deixa mais enganar com promessas ou por discursos inflamados. Tanto que voltou a sair as ruas ontem em manifesta\u00e7\u00f5es espont\u00e2neas. \u00c9 um sinal expl\u00edcito de que o governo perdeu os argumentos.<\/p>\n<p>&nbsp;<\/p>\n<p><strong>Apego \u00e0 corrup\u00e7\u00e3o<\/strong><\/p>\n<p>&nbsp;<\/p>\n<p>Como ministro da Casa Civil, Lula pode at\u00e9 convencer parte da base aliada a dificultar o andamento do processo de impeachment de Dilma no Congresso. Mas a press\u00e3o popular tender\u00e1 a ser muito maior do que as negociatas que venham a ser feitas para manter o projeto de poder do PT. Maior partido do pa\u00eds, o PMDB indicou que pode dar uma sobrevida ao governo. A m\u00e3o amiga resultou na nomea\u00e7\u00e3o do deputado mineiro Mauro Lopes para Secretaria de Avia\u00e7\u00e3o Civil.<\/p>\n<p>&nbsp;<\/p>\n<p>O PMDB, como se sabe, est\u00e1 t\u00e3o podre quanto o PT. E n\u00e3o vai resistir \u00e0s novas revela\u00e7\u00f5es da Lava-Jato. Infelizmente, o pa\u00eds ver\u00e1, daqui por diante, a desintegra\u00e7\u00e3o de um governo que teve como mote a esperan\u00e7a e a promessa de melhores condi\u00e7\u00f5es de vida para a popula\u00e7\u00e3o, mas preferiu se esbaldar com a corrup\u00e7\u00e3o.<\/p>\n<p>&nbsp;<\/p>\n<p><em>Bras\u00edlia, 00h05min<\/em><\/p>\n","protected":false},"excerpt":{"rendered":"<p>A presidente Dilma Rousseff acreditava que ganharia f\u00f4lego com a nomea\u00e7\u00e3o do ex-presidente Lula como ministro da Casa Civil, mas praticamente assinou a sua senten\u00e7a de morte. Ao afrontar o pa\u00eds, dando foro privilegiado para o petista tr\u00eas dias depois de uma multid\u00e3o ter sa\u00eddo \u00e0s ruas pedindo o seu impeachment, a chefe do Executivo [&hellip;]<\/p>\n","protected":false},"author":22,"featured_media":0,"comment_status":"open","ping_status":"closed","sticky":false,"template":"","format":"standard","meta":{"wpb_read_more":[],"footnotes":""},"categories":[1],"tags":[],"class_list":["post-612","post","type-post","status-publish","format-standard","hentry","category-sem-categoria"],"_links":{"self":[{"href":"https:\/\/blogs2.correiobraziliense.com.br\/vicente\/wp-json\/wp\/v2\/posts\/612","targetHints":{"allow":["GET"]}}],"collection":[{"href":"https:\/\/blogs2.correiobraziliense.com.br\/vicente\/wp-json\/wp\/v2\/posts"}],"about":[{"href":"https:\/\/blogs2.correiobraziliense.com.br\/vicente\/wp-json\/wp\/v2\/types\/post"}],"author":[{"embeddable":true,"href":"https:\/\/blogs2.correiobraziliense.com.br\/vicente\/wp-json\/wp\/v2\/users\/22"}],"replies":[{"embeddable":true,"href":"https:\/\/blogs2.correiobraziliense.com.br\/vicente\/wp-json\/wp\/v2\/comments?post=612"}],"version-history":[{"count":1,"href":"https:\/\/blogs2.correiobraziliense.com.br\/vicente\/wp-json\/wp\/v2\/posts\/612\/revisions"}],"predecessor-version":[{"id":613,"href":"https:\/\/blogs2.correiobraziliense.com.br\/vicente\/wp-json\/wp\/v2\/posts\/612\/revisions\/613"}],"wp:attachment":[{"href":"https:\/\/blogs2.correiobraziliense.com.br\/vicente\/wp-json\/wp\/v2\/media?parent=612"}],"wp:term":[{"taxonomy":"category","embeddable":true,"href":"https:\/\/blogs2.correiobraziliense.com.br\/vicente\/wp-json\/wp\/v2\/categories?post=612"},{"taxonomy":"post_tag","embeddable":true,"href":"https:\/\/blogs2.correiobraziliense.com.br\/vicente\/wp-json\/wp\/v2\/tags?post=612"}],"curies":[{"name":"wp","href":"https:\/\/api.w.org\/{rel}","templated":true}]}}